{"id":901,"date":"2019-04-10T09:02:06","date_gmt":"2019-04-10T07:02:06","guid":{"rendered":"https:\/\/spotdata.pl\/blog\/?p=901"},"modified":"2019-04-10T09:02:06","modified_gmt":"2019-04-10T07:02:06","slug":"mfw-mniej-wierzy-w-polske","status":"publish","type":"post","link":"https:\/\/spotdata.pl\/blog\/2019\/04\/10\/mfw-mniej-wierzy-w-polske\/","title":{"rendered":"MFW mniej wierzy w Polsk\u0119"},"content":{"rendered":"<p style=\"text-align: justify;\">Mi\u0119dzynarodowy Fundusz Walutowy nie wierzy, \u017ce Polska jest w stanie utrzyma\u0107 wzrost gospodarczy powy\u017cej 3 proc. w d\u0142ugim okresie. NBP przeciwnie \u2013 jego zesp\u00f3\u0142 analityczny uwa\u017ca, \u017ce Polsk\u0119 sta\u0107 w d\u0142u\u017cszym okresie na rozw\u00f3j zbli\u017cony do 3,5 proc. Kto ma racj\u0119?<\/p>\r\n<p style=\"text-align: justify;\"><strong>MFW we wtorek opublikowa\u0142 swoje uaktualnione prognozy dla \u015bwiata, w tym Polski.<\/strong>\u00a0Prognozy zawieraj\u0105 scenariusz makroekonomiczny dla ka\u017cdego kraju do 2024 r.\u00a0<strong>MFW, tak jak ka\u017cda instytucja prognozuj\u0105ca, zosta\u0142 zaskoczony dobrym pocz\u0105tkiem roku w polskiej gospodarce i podni\u00f3s\u0142 prognoz\u0119 wzrostu PKB na 2019 i 2020 rok odpowiednio do 3,8 proc. (z 3,5 proc.) i 3,1 proc. (z 3 proc.).<\/strong>\u00a0Do podwy\u017cki prognoz, w warunkach globalnego spowolnienia gospodarczego, przyczyni\u0142y si\u0119 te\u017c, opr\u00f3cz dobrych danych z gospodarki za stycze\u0144 i luty, nowe transfery spo\u0142eczne zapowiedziane przez rz\u0105d.<\/p>\r\n<p style=\"text-align: justify;\"><strong>Ciekawsza jest jednak ocena d\u0142ugookresowego potencja\u0142u gospodarki. MFW prognozuje, \u017ce ju\u017c od 2021 r. wzrost gospodarczy w Polsce ustabilizuje si\u0119 na poziomie 2,8 proc.<\/strong>\u00a0I tej oceny nie zmieni\u0142 w ostatnich rundach prognostycznych. To oznacza, \u017ce fundusz potraktowa\u0142 ostatnie kwarta\u0142y bardzo wysokiego wzrostu w Polsce jako zjawisko przej\u015bciowe, nie wp\u0142ywaj\u0105ce na ocen\u0119 d\u0142ugookresowego potencja\u0142u rozwojowego kraju.<\/p>\r\n<p style=\"text-align: justify;\"><strong>Inaczej patrzy na to Narodowy Bank Polski, kt\u00f3ry zaledwie przed miesi\u0105cem publikowa\u0142 swoj\u0105 projekcj\u0119 dla Polski.<\/strong>\u00a0Wed\u0142ug analityk\u00f3w NBP, fakt, \u017ce Polska osi\u0105gn\u0119\u0142a w minionych 8-10 kwarta\u0142ach wzrost gospodarczy przekraczaj\u0105cy 5 proc., przy jednoczesnym braku jakichkolwiek sygna\u0142\u00f3w przegrzewania gospodarki, oznacza, \u017ce Polska ma d\u0142ugookresowy potencja\u0142 rozwojowy wy\u017cszy od wcze\u015bniejszych szacunk\u00f3w.\u00a0<strong>Wg NBP ten potencja\u0142 w najbli\u017cszych latach b\u0119dzie wynosi\u0142 ok. 3,6 proc. i jest wy\u017cszy ni\u017c bank szacowa\u0142 wcze\u015bniej.<\/strong><\/p>\r\n<p style=\"text-align: justify;\">Dylemat sprowadza si\u0119 do odpowiedzi na pytanie, czy bardzo niska inflacja w Polsce by\u0142a odzwierciedleniem niskiej luki popytowej (jak s\u0105dzi NBP) czy te\u017c nie do ko\u0144ca (jak s\u0105dzi MFW).\u00a0<strong>Innymi s\u0142owy, czy przyspieszenie wzrostu mia\u0142o trwa\u0142y, poda\u017cowy komponent, czy te\u017c nie.<\/strong><\/p>\r\n<p style=\"text-align: justify;\"><strong>Odpowied\u017a na pytanie, kto ma racj\u0119, nie jest oczywi\u015bcie \u0142atwa.<\/strong>\u00a0MFW s\u0142usznie wskazuje, \u017ce mijaj\u0105cy impuls finansowania z funduszy europejskich oraz zmniejszenie nap\u0142ywu imigrant\u00f3w mo\u017ce znacz\u0105co obni\u017cy\u0107 d\u0142ugookresowy wzrost gospodarczy w Polsce. Z drugiej strony,\u00a0<strong>odporno\u015b\u0107 polskiej gospodarki na spowolnienie w Europie w ostatnich kwarta\u0142ach, nawet w bran\u017cach nie zwi\u0105zanych z inwestycjami publicznymi, mo\u017ce sygnalizowa\u0107 wy\u017cszy potencja\u0142 rozwojowy. Nie lekcewa\u017cy\u0142bym tego ostatniego sygna\u0142u.\u00a0<\/strong><\/p>\r\n<img loading=\"lazy\" decoding=\"async\" class=\"aligncenter size-full wp-image-902\" src=\"https:\/\/spotdata.pl\/blog\/wp-content\/uploads\/2019\/04\/2019-04-10-mfw-prognozy.png\" alt=\"\" width=\"600\" height=\"432\" srcset=\"https:\/\/spotdata.pl\/blog\/wp-content\/uploads\/2019\/04\/2019-04-10-mfw-prognozy.png 600w, https:\/\/spotdata.pl\/blog\/wp-content\/uploads\/2019\/04\/2019-04-10-mfw-prognozy-300x216.png 300w\" sizes=\"(max-width: 600px) 100vw, 600px\" \/>\r\n\r\nAutor: Ignacy Morawski\r\n\r\n<hr \/>\r\n\r\n<h3><span style=\"color: #ff6600;\">Baza danych MFW:\u00a0<span style=\"text-decoration: underline;\"><span style=\"font-size: 14px;\"><a style=\"font-size: 17px; color: #ff6600; text-decoration: underline;\" href=\"https:\/\/www.imf.org\/external\/pubs\/ft\/weo\/2019\/01\/weodata\/index.aspx\" target=\"_blank\" rel=\"noopener\">LINK<\/a><\/span><\/span><\/span><\/h3>\r\n<!-- \/wp:html --><!-- wp:paragraph --><!-- \/wp:paragraph --><!-- wp:paragraph -->\r\n<p style=\"text-align: justify;\"><strong>Chcesz samodzielnie analizowa\u0107 dane ekonomiczne? Platforma SpotData to\u00a0darmowy dost\u0119p do\u00a0ponad 40 tysi\u0119cy danych z\u00a0polskiej i\u00a0\u015bwiatowej gospodarki, kt\u00f3re mo\u017cna analizowa\u0107, przetwarza\u0107 i\u00a0pobiera\u0107 w\u00a0formie wykres\u00f3w i\u00a0tabel do\u00a0Excela. <\/strong><\/p>\r\n<!-- \/wp:paragraph --><!-- wp:paragraph -->\r\n<p style=\"text-align: center;\"><strong>Sprawd\u017a na:\u00a0<span style=\"text-decoration: underline;\">\u00a0<\/span><\/strong><span style=\"text-decoration: underline;\"><span style=\"font-size: 16px;\"><a style=\"font-size: 17px;\" href=\"http:\/\/www.spotdata.pl\/ogolna\" target=\"_blank\" rel=\"noreferrer noopener\">www.spotdata.pl\/ogolna<\/a><\/span><\/span><\/p>\r\n<p style=\"text-align: justify;\"><em>Poni\u017cszy tekst pochodzi z newslettera Dane Dnia prowadzonego przez Ignacego Morawskiego, dyrektora centrum analiz SpotData. Chcesz codziennie takie informacje na swoj\u0105 skrzynk\u0119?\u00a0<span style=\"text-decoration: underline; color: #ff6600;\"><a style=\"font-size: 17px; color: #ff6600;\" href=\"http:\/\/newsletter.spotdata.pl\/\" target=\"_blank\" rel=\"noopener\">Zapisz si\u0119 na newsletter SpotData<\/a>.<\/span><\/em><\/p>","protected":false},"excerpt":{"rendered":"<p>Mi\u0119dzynarodowy Fundusz Walutowy nie wierzy, \u017ce Polska jest w stanie utrzyma\u0107 wzrost gospodarczy powy\u017cej 3 proc. w d\u0142ugim okresie. NBP przeciwnie \u2013 jego zesp\u00f3\u0142 analityczny uwa\u017ca, \u017ce Polsk\u0119 sta\u0107 w d\u0142u\u017cszym okresie na rozw\u00f3j zbli\u017cony do 3,5 proc. Kto ma racj\u0119? MFW we wtorek opublikowa\u0142 swoje uaktualnione prognozy dla \u015bwiata, w tym Polski.\u00a0Prognozy zawieraj\u0105 scenariusz &hellip; <\/p>\n<p class=\"link-more\"><a href=\"https:\/\/spotdata.pl\/blog\/2019\/04\/10\/mfw-mniej-wierzy-w-polske\/\" class=\"more-link\">Czytaj dalej<span class=\"screen-reader-text\"> MFW mniej wierzy w Polsk\u0119<\/span><\/a><\/p>\n","protected":false},"author":2,"featured_media":902,"comment_status":"closed","ping_status":"closed","sticky":false,"template":"","format":"standard","meta":{"footnotes":""},"categories":[38],"tags":[113,210,68,84,110,165,176,209,122,112,76,114,206,87,70,213,13,449,109,14,36,135,275,367,208,207,211,85,86,212,67,65,66,163,214],"class_list":["post-901","post","type-post","status-publish","format-standard","has-post-thumbnail","hentry","category-makroekonomia","tag-analizy","tag-analizy-branzowe","tag-analizy-ekonomiczne","tag-analizy-gospodarcze","tag-biznes","tag-blog-ekonomiczny","tag-blog-makroekonomiczny","tag-centrum-analiz","tag-dane-dla-biznesu","tag-dane-dla-firm","tag-ekonomia","tag-ekonomisci","tag-finanse","tag-gospodarka","tag-ignacy-morawski","tag-kursy-walut","tag-mfw","tag-miedzynarodowy-fundusz-walutowy","tag-osrodek-analityczny","tag-pkb","tag-polska","tag-portal-statystyczny","tag-prognozy-ekonomiczne","tag-prognozy-pkb","tag-raport-ekonomiczny","tag-raport-finansowy","tag-raporty-branzowe","tag-raporty-ekonomiczne","tag-raporty-gospodarcze","tag-raporty-makroekonomiczne","tag-spot-data","tag-spotdata","tag-spotdata-pl","tag-statystyka","tag-wiadomosci-ekonomiczne","layout-default"],"yoast_head":"<!-- This site is optimized with the Yoast SEO plugin v23.4 - https:\/\/yoast.com\/wordpress\/plugins\/seo\/ -->\n<title>MFW mniej wierzy w Polsk\u0119 - SpotData - Blog<\/title>\n<meta name=\"robots\" content=\"index, follow, max-snippet:-1, max-image-preview:large, max-video-preview:-1\" \/>\n<link rel=\"canonical\" href=\"https:\/\/spotdata.pl\/blog\/2019\/04\/10\/mfw-mniej-wierzy-w-polske\/\" \/>\n<meta property=\"og:locale\" content=\"pl_PL\" \/>\n<meta property=\"og:type\" content=\"article\" \/>\n<meta property=\"og:title\" content=\"MFW mniej wierzy w Polsk\u0119 - SpotData - Blog\" \/>\n<meta property=\"og:description\" content=\"Mi\u0119dzynarodowy Fundusz Walutowy nie wierzy, \u017ce Polska jest w stanie utrzyma\u0107 wzrost gospodarczy powy\u017cej 3 proc. w d\u0142ugim okresie. NBP przeciwnie \u2013 jego zesp\u00f3\u0142 analityczny uwa\u017ca, \u017ce Polsk\u0119 sta\u0107 w d\u0142u\u017cszym okresie na rozw\u00f3j zbli\u017cony do 3,5 proc. Kto ma racj\u0119? MFW we wtorek opublikowa\u0142 swoje uaktualnione prognozy dla \u015bwiata, w tym Polski.\u00a0Prognozy zawieraj\u0105 scenariusz &hellip; Czytaj dalej MFW mniej wierzy w Polsk\u0119\" \/>\n<meta property=\"og:url\" content=\"https:\/\/spotdata.pl\/blog\/2019\/04\/10\/mfw-mniej-wierzy-w-polske\/\" \/>\n<meta property=\"og:site_name\" content=\"SpotData - Blog\" \/>\n<meta property=\"article:published_time\" content=\"2019-04-10T07:02:06+00:00\" \/>\n<meta property=\"og:image\" content=\"https:\/\/spotdata.pl\/blog\/wp-content\/uploads\/2019\/04\/2019-04-10-mfw-prognozy.png\" \/>\n\t<meta property=\"og:image:width\" content=\"600\" \/>\n\t<meta property=\"og:image:height\" content=\"432\" \/>\n\t<meta property=\"og:image:type\" content=\"image\/png\" \/>\n<meta name=\"author\" content=\"I M\" \/>\n<meta name=\"twitter:card\" content=\"summary_large_image\" \/>\n<meta name=\"twitter:label1\" content=\"Napisane przez\" \/>\n\t<meta name=\"twitter:data1\" content=\"I M\" \/>\n\t<meta name=\"twitter:label2\" content=\"Szacowany czas czytania\" \/>\n\t<meta name=\"twitter:data2\" content=\"2 minuty\" \/>\n<script type=\"application\/ld+json\" class=\"yoast-schema-graph\">{\"@context\":\"https:\/\/schema.org\",\"@graph\":[{\"@type\":\"WebPage\",\"@id\":\"https:\/\/spotdata.pl\/blog\/2019\/04\/10\/mfw-mniej-wierzy-w-polske\/\",\"url\":\"https:\/\/spotdata.pl\/blog\/2019\/04\/10\/mfw-mniej-wierzy-w-polske\/\",\"name\":\"MFW mniej wierzy w Polsk\u0119 - SpotData - Blog\",\"isPartOf\":{\"@id\":\"https:\/\/spotdata.pl\/blog\/#website\"},\"primaryImageOfPage\":{\"@id\":\"https:\/\/spotdata.pl\/blog\/2019\/04\/10\/mfw-mniej-wierzy-w-polske\/#primaryimage\"},\"image\":{\"@id\":\"https:\/\/spotdata.pl\/blog\/2019\/04\/10\/mfw-mniej-wierzy-w-polske\/#primaryimage\"},\"thumbnailUrl\":\"https:\/\/spotdata.pl\/blog\/wp-content\/uploads\/2019\/04\/2019-04-10-mfw-prognozy.png\",\"datePublished\":\"2019-04-10T07:02:06+00:00\",\"dateModified\":\"2019-04-10T07:02:06+00:00\",\"author\":{\"@id\":\"https:\/\/spotdata.pl\/blog\/#\/schema\/person\/48fd006a74962b9a86ff5bba4b2ce239\"},\"breadcrumb\":{\"@id\":\"https:\/\/spotdata.pl\/blog\/2019\/04\/10\/mfw-mniej-wierzy-w-polske\/#breadcrumb\"},\"inLanguage\":\"pl-PL\",\"potentialAction\":[{\"@type\":\"ReadAction\",\"target\":[\"https:\/\/spotdata.pl\/blog\/2019\/04\/10\/mfw-mniej-wierzy-w-polske\/\"]}]},{\"@type\":\"ImageObject\",\"inLanguage\":\"pl-PL\",\"@id\":\"https:\/\/spotdata.pl\/blog\/2019\/04\/10\/mfw-mniej-wierzy-w-polske\/#primaryimage\",\"url\":\"https:\/\/spotdata.pl\/blog\/wp-content\/uploads\/2019\/04\/2019-04-10-mfw-prognozy.png\",\"contentUrl\":\"https:\/\/spotdata.pl\/blog\/wp-content\/uploads\/2019\/04\/2019-04-10-mfw-prognozy.png\",\"width\":600,\"height\":432},{\"@type\":\"BreadcrumbList\",\"@id\":\"https:\/\/spotdata.pl\/blog\/2019\/04\/10\/mfw-mniej-wierzy-w-polske\/#breadcrumb\",\"itemListElement\":[{\"@type\":\"ListItem\",\"position\":1,\"name\":\"Strona g\u0142\u00f3wna\",\"item\":\"https:\/\/spotdata.pl\/blog\/\"},{\"@type\":\"ListItem\",\"position\":2,\"name\":\"MFW mniej wierzy w&nbsp;Polsk\u0119\"}]},{\"@type\":\"WebSite\",\"@id\":\"https:\/\/spotdata.pl\/blog\/#website\",\"url\":\"https:\/\/spotdata.pl\/blog\/\",\"name\":\"SpotData - Blog\",\"description\":\"\u0179r\u00f3d\u0142o wnikliwych analiz makroekonomicznych i bran\u017cowych.\",\"potentialAction\":[{\"@type\":\"SearchAction\",\"target\":{\"@type\":\"EntryPoint\",\"urlTemplate\":\"https:\/\/spotdata.pl\/blog\/?s={search_term_string}\"},\"query-input\":{\"@type\":\"PropertyValueSpecification\",\"valueRequired\":true,\"valueName\":\"search_term_string\"}}],\"inLanguage\":\"pl-PL\"},{\"@type\":\"Person\",\"@id\":\"https:\/\/spotdata.pl\/blog\/#\/schema\/person\/48fd006a74962b9a86ff5bba4b2ce239\",\"name\":\"I M\",\"image\":{\"@type\":\"ImageObject\",\"inLanguage\":\"pl-PL\",\"@id\":\"https:\/\/spotdata.pl\/blog\/#\/schema\/person\/image\/\",\"url\":\"https:\/\/secure.gravatar.com\/avatar\/c315bb1934ec26691dd14126e402c123?s=96&d=mm&r=g\",\"contentUrl\":\"https:\/\/secure.gravatar.com\/avatar\/c315bb1934ec26691dd14126e402c123?s=96&d=mm&r=g\",\"caption\":\"I M\"},\"url\":\"https:\/\/spotdata.pl\/blog\/author\/sdadmin\/\"}]}<\/script>\n<!-- \/ Yoast SEO plugin. -->","yoast_head_json":{"title":"MFW mniej wierzy w Polsk\u0119 - SpotData - Blog","robots":{"index":"index","follow":"follow","max-snippet":"max-snippet:-1","max-image-preview":"max-image-preview:large","max-video-preview":"max-video-preview:-1"},"canonical":"https:\/\/spotdata.pl\/blog\/2019\/04\/10\/mfw-mniej-wierzy-w-polske\/","og_locale":"pl_PL","og_type":"article","og_title":"MFW mniej wierzy w Polsk\u0119 - SpotData - Blog","og_description":"Mi\u0119dzynarodowy Fundusz Walutowy nie wierzy, \u017ce Polska jest w stanie utrzyma\u0107 wzrost gospodarczy powy\u017cej 3 proc. w d\u0142ugim okresie. NBP przeciwnie \u2013 jego zesp\u00f3\u0142 analityczny uwa\u017ca, \u017ce Polsk\u0119 sta\u0107 w d\u0142u\u017cszym okresie na rozw\u00f3j zbli\u017cony do 3,5 proc. Kto ma racj\u0119? MFW we wtorek opublikowa\u0142 swoje uaktualnione prognozy dla \u015bwiata, w tym Polski.\u00a0Prognozy zawieraj\u0105 scenariusz &hellip; Czytaj dalej MFW mniej wierzy w Polsk\u0119","og_url":"https:\/\/spotdata.pl\/blog\/2019\/04\/10\/mfw-mniej-wierzy-w-polske\/","og_site_name":"SpotData - Blog","article_published_time":"2019-04-10T07:02:06+00:00","og_image":[{"width":600,"height":432,"url":"https:\/\/spotdata.pl\/blog\/wp-content\/uploads\/2019\/04\/2019-04-10-mfw-prognozy.png","type":"image\/png"}],"author":"I M","twitter_card":"summary_large_image","twitter_misc":{"Napisane przez":"I M","Szacowany czas czytania":"2 minuty"},"schema":{"@context":"https:\/\/schema.org","@graph":[{"@type":"WebPage","@id":"https:\/\/spotdata.pl\/blog\/2019\/04\/10\/mfw-mniej-wierzy-w-polske\/","url":"https:\/\/spotdata.pl\/blog\/2019\/04\/10\/mfw-mniej-wierzy-w-polske\/","name":"MFW mniej wierzy w Polsk\u0119 - SpotData - Blog","isPartOf":{"@id":"https:\/\/spotdata.pl\/blog\/#website"},"primaryImageOfPage":{"@id":"https:\/\/spotdata.pl\/blog\/2019\/04\/10\/mfw-mniej-wierzy-w-polske\/#primaryimage"},"image":{"@id":"https:\/\/spotdata.pl\/blog\/2019\/04\/10\/mfw-mniej-wierzy-w-polske\/#primaryimage"},"thumbnailUrl":"https:\/\/spotdata.pl\/blog\/wp-content\/uploads\/2019\/04\/2019-04-10-mfw-prognozy.png","datePublished":"2019-04-10T07:02:06+00:00","dateModified":"2019-04-10T07:02:06+00:00","author":{"@id":"https:\/\/spotdata.pl\/blog\/#\/schema\/person\/48fd006a74962b9a86ff5bba4b2ce239"},"breadcrumb":{"@id":"https:\/\/spotdata.pl\/blog\/2019\/04\/10\/mfw-mniej-wierzy-w-polske\/#breadcrumb"},"inLanguage":"pl-PL","potentialAction":[{"@type":"ReadAction","target":["https:\/\/spotdata.pl\/blog\/2019\/04\/10\/mfw-mniej-wierzy-w-polske\/"]}]},{"@type":"ImageObject","inLanguage":"pl-PL","@id":"https:\/\/spotdata.pl\/blog\/2019\/04\/10\/mfw-mniej-wierzy-w-polske\/#primaryimage","url":"https:\/\/spotdata.pl\/blog\/wp-content\/uploads\/2019\/04\/2019-04-10-mfw-prognozy.png","contentUrl":"https:\/\/spotdata.pl\/blog\/wp-content\/uploads\/2019\/04\/2019-04-10-mfw-prognozy.png","width":600,"height":432},{"@type":"BreadcrumbList","@id":"https:\/\/spotdata.pl\/blog\/2019\/04\/10\/mfw-mniej-wierzy-w-polske\/#breadcrumb","itemListElement":[{"@type":"ListItem","position":1,"name":"Strona g\u0142\u00f3wna","item":"https:\/\/spotdata.pl\/blog\/"},{"@type":"ListItem","position":2,"name":"MFW mniej wierzy w&nbsp;Polsk\u0119"}]},{"@type":"WebSite","@id":"https:\/\/spotdata.pl\/blog\/#website","url":"https:\/\/spotdata.pl\/blog\/","name":"SpotData - Blog","description":"\u0179r\u00f3d\u0142o wnikliwych analiz makroekonomicznych i bran\u017cowych.","potentialAction":[{"@type":"SearchAction","target":{"@type":"EntryPoint","urlTemplate":"https:\/\/spotdata.pl\/blog\/?s={search_term_string}"},"query-input":{"@type":"PropertyValueSpecification","valueRequired":true,"valueName":"search_term_string"}}],"inLanguage":"pl-PL"},{"@type":"Person","@id":"https:\/\/spotdata.pl\/blog\/#\/schema\/person\/48fd006a74962b9a86ff5bba4b2ce239","name":"I M","image":{"@type":"ImageObject","inLanguage":"pl-PL","@id":"https:\/\/spotdata.pl\/blog\/#\/schema\/person\/image\/","url":"https:\/\/secure.gravatar.com\/avatar\/c315bb1934ec26691dd14126e402c123?s=96&d=mm&r=g","contentUrl":"https:\/\/secure.gravatar.com\/avatar\/c315bb1934ec26691dd14126e402c123?s=96&d=mm&r=g","caption":"I M"},"url":"https:\/\/spotdata.pl\/blog\/author\/sdadmin\/"}]}},"_links":{"self":[{"href":"https:\/\/spotdata.pl\/blog\/wp-json\/wp\/v2\/posts\/901"}],"collection":[{"href":"https:\/\/spotdata.pl\/blog\/wp-json\/wp\/v2\/posts"}],"about":[{"href":"https:\/\/spotdata.pl\/blog\/wp-json\/wp\/v2\/types\/post"}],"author":[{"embeddable":true,"href":"https:\/\/spotdata.pl\/blog\/wp-json\/wp\/v2\/users\/2"}],"replies":[{"embeddable":true,"href":"https:\/\/spotdata.pl\/blog\/wp-json\/wp\/v2\/comments?post=901"}],"version-history":[{"count":1,"href":"https:\/\/spotdata.pl\/blog\/wp-json\/wp\/v2\/posts\/901\/revisions"}],"predecessor-version":[{"id":903,"href":"https:\/\/spotdata.pl\/blog\/wp-json\/wp\/v2\/posts\/901\/revisions\/903"}],"wp:featuredmedia":[{"embeddable":true,"href":"https:\/\/spotdata.pl\/blog\/wp-json\/wp\/v2\/media\/902"}],"wp:attachment":[{"href":"https:\/\/spotdata.pl\/blog\/wp-json\/wp\/v2\/media?parent=901"}],"wp:term":[{"taxonomy":"category","embeddable":true,"href":"https:\/\/spotdata.pl\/blog\/wp-json\/wp\/v2\/categories?post=901"},{"taxonomy":"post_tag","embeddable":true,"href":"https:\/\/spotdata.pl\/blog\/wp-json\/wp\/v2\/tags?post=901"}],"curies":[{"name":"wp","href":"https:\/\/api.w.org\/{rel}","templated":true}]}}