{"id":895,"date":"2019-04-09T09:35:22","date_gmt":"2019-04-09T07:35:22","guid":{"rendered":"https:\/\/spotdata.pl\/blog\/?p=895"},"modified":"2019-04-09T09:44:22","modified_gmt":"2019-04-09T07:44:22","slug":"europa-stawia-na-doswiadczonych-polska-mniej","status":"publish","type":"post","link":"https:\/\/spotdata.pl\/blog\/2019\/04\/09\/europa-stawia-na-doswiadczonych-polska-mniej\/","title":{"rendered":"Europa stawia na do\u015bwiadczonych, Polska mniej"},"content":{"rendered":"<p style=\"text-align: justify;\">Kilka dni temu ZUS poda\u0142, \u017ce znacz\u0105co ro\u015bnie w Polsce liczba pracuj\u0105cych emeryt\u00f3w. W ci\u0105gu roku przyby\u0142o ich niemal 8 proc., a w ci\u0105gu czterech lat \u2013 30 proc. <span style=\"text-decoration: underline;\"><span id=\"OBJ_PREFIX_DWT77_com_zimbra_url\" class=\"Object\"><a style=\"font-size: 17px;\" href=\"https:\/\/www.bankier.pl\/wiadomosc\/ZUS-Na-koniec-18-liczba-pracujacych-emerytow-wyniosla-742-tys-7652239.html\" target=\"_blank\" rel=\"noopener\">Ta informacja<\/a><\/span><\/span>\u00a0to sygna\u0142 znacznie szerszego trendu, kt\u00f3ry obejmuje nie tylko Polsk\u0119, ale ca\u0142\u0105 Europ\u0119. Chodzi o zwi\u0119kszone wykorzystanie os\u00f3b w wieku powy\u017cej 60 lat na rynku pracy. Rz\u0105dy i firmy, kt\u00f3re nie zrozumiej\u0105, \u017ce osoby w wy\u017cszych grupach wiekowych stanowi\u0105 ogromny potencja\u0142, stan\u0105 na przegranej pozycji. Czy my to w Polsce dobrze rozumiemy?<\/p>\r\n<p style=\"text-align: justify;\"><strong>W czwartym kwartale minionego roku w krajach UE-15, czyli tzw. \u201estarej Unii Europejskiej\u201d odsetek aktywnych zawodowo os\u00f3b w wieku 60-64 lata si\u0119gn\u0105\u0142 50 proc. Sta\u0142o si\u0119 tak po raz pierwszy od kiedy s\u0105 dost\u0119pne por\u00f3wnywalne dane.<\/strong>\u00a0Wida\u0107 to na wykresie poni\u017cej. Oznacza to, \u017ce po raz pierwszy od wielu dekad ponad po\u0142owa os\u00f3b w wieku powy\u017cej 60 lat pracuje lub szuka pracy.<\/p>\r\n<p style=\"text-align: justify;\">Kilka dekad temu wiele rz\u0105d\u00f3w europejskich wypycha\u0142o osoby starsze z rynku pracy w przekonaniu, \u017ce dzi\u0119ki temu na rynku zrobi si\u0119 wi\u0119cej miejsca dla m\u0142odych. To my\u015blenie okaza\u0142o si\u0119 b\u0142\u0119dne, bo bezrobocie w\u015br\u00f3d m\u0142odych wcale nie spad\u0142o po wypychaniu starszych na emerytur\u0119. Ponadto, w erze kurcz\u0105cej si\u0119 si\u0142y roboczej do\u015bwiadczenie os\u00f3b powy\u017cej 50-60 roku \u017cycia ceni si\u0119 na rynku pracy coraz bardziej.<\/p>\r\n<p style=\"text-align: justify;\"><strong>W Polsce odsetek aktywnych zawodowo 60-64 latk\u00f3w r\u00f3wnie\u017c ro\u015bnie, cho\u0107 jest znacznie ni\u017cszy ni\u017c \u015brednio w UE \u2013 wynosi 34,8 proc. (\u015brednia dla ca\u0142ej UE wynosi 47 proc.). Niestety, roczny przyrost tego odsetka by\u0142 w zesz\u0142ym roku najni\u017cszy od 2010 r.<\/strong>\u00a0Co wi\u0119cej, przyrost by\u0142 trzecim najni\u017cszym w krajach Unii Europejskiej. Liczba pracuj\u0105cych emeryt\u00f3w wprawdzie ro\u015bnie w Polsce, bo jest og\u00f3\u0142em coraz wi\u0119cej emeryt\u00f3w, ale odsetek pracuj\u0105cych w\u015br\u00f3d os\u00f3b 60+ ro\u015bnie coraz wolniej. Czyli szansa, \u017ce zbli\u017cymy si\u0119 do trend\u00f3w europejskich, maleje.<\/p>\r\n<p style=\"text-align: justify;\">W jakiej\u015b mierze ni\u017cszy odsetek pracuj\u0105cych w tej grupie wiekowej mo\u017ce wynika\u0107 z kr\u00f3tszej oczekiwanej d\u0142ugo\u015bci \u017cycia, ale nie mo\u017ce by\u0107 to kluczowe wyja\u015bnienie. Mamy wy\u017csz\u0105 oczekiwan\u0105 d\u0142ugo\u015b\u0107 \u017cycia od W\u0119gier czy S\u0142owacji, a ni\u017csz\u0105 aktywno\u015b\u0107 zawodow\u0105 os\u00f3b starszych.<\/p>\r\n<p style=\"text-align: justify;\"><strong>Mo\u017ce obni\u017canie wieku emerytalnego i niedoinwestowanie s\u0142u\u017cby zdrowia to nie jest najlepszy miks polityki gospodarczej i spo\u0142ecznej?<\/strong><\/p>\r\n<p><img loading=\"lazy\" decoding=\"async\" class=\"aligncenter size-full wp-image-897\" src=\"https:\/\/spotdata.pl\/blog\/wp-content\/uploads\/2019\/04\/2019-04-09-aktywnosc-wsrod-starych.png\" alt=\"\" width=\"600\" height=\"435\" srcset=\"https:\/\/spotdata.pl\/blog\/wp-content\/uploads\/2019\/04\/2019-04-09-aktywnosc-wsrod-starych.png 600w, https:\/\/spotdata.pl\/blog\/wp-content\/uploads\/2019\/04\/2019-04-09-aktywnosc-wsrod-starych-300x218.png 300w\" sizes=\"(max-width: 600px) 100vw, 600px\" \/> Autor: Ignacy Morawski<\/p>\r\n<hr \/>\r\n<h3><span style=\"color: #ff6600;\">\u0179r\u00f3d\u0142o danych:\u00a0<span style=\"text-decoration: underline;\"><span style=\"font-size: 14px;\"><a style=\"font-size: 17px; color: #ff6600; text-decoration: underline;\" href=\"https:\/\/spotdata.pl\/b\/ogolna\/stopa-aktywnosci-zawodowej-wg-wieku-i-wyksztalcenia\" target=\"_blank\" rel=\"noopener\">LINK<\/a><\/span><\/span><\/span><\/h3>\r\n<!-- \/wp:html -->\r\n\r\n<!-- wp:paragraph --><!-- \/wp:paragraph -->\r\n\r\n<!-- wp:paragraph -->\r\n<p style=\"text-align: justify;\"><strong>Chcesz samodzielnie analizowa\u0107 dane ekonomiczne? Platforma SpotData to\u00a0darmowy dost\u0119p do\u00a0ponad 40 tysi\u0119cy danych z\u00a0polskiej i\u00a0\u015bwiatowej gospodarki, kt\u00f3re mo\u017cna analizowa\u0107, przetwarza\u0107 i\u00a0pobiera\u0107 w\u00a0formie wykres\u00f3w i\u00a0tabel do\u00a0Excela. <\/strong><\/p>\r\n<!-- \/wp:paragraph -->\r\n\r\n<!-- wp:paragraph -->\r\n<p style=\"text-align: center;\"><strong>Sprawd\u017a na:\u00a0<span style=\"text-decoration: underline;\">\u00a0<\/span><\/strong><span style=\"text-decoration: underline;\"><span style=\"font-size: 16px;\"><a style=\"font-size: 17px;\" href=\"http:\/\/www.spotdata.pl\/ogolna\" target=\"_blank\" rel=\"noreferrer noopener\">www.spotdata.pl\/ogolna<\/a><\/span><\/span><\/p>\r\n<p style=\"text-align: justify;\"><em>Poni\u017cszy tekst pochodzi z newslettera Dane Dnia prowadzonego przez Ignacego Morawskiego, dyrektora centrum analiz SpotData. Chcesz codziennie takie informacje na swoj\u0105 skrzynk\u0119?\u00a0<span style=\"text-decoration: underline; color: #ff6600;\"><a style=\"font-size: 17px; color: #ff6600;\" href=\"http:\/\/newsletter.spotdata.pl\/\" target=\"_blank\" rel=\"noopener\">Zapisz si\u0119 na newsletter SpotData<\/a>.<\/span><\/em><\/p>","protected":false},"excerpt":{"rendered":"<p>Kilka dni temu ZUS poda\u0142, \u017ce znacz\u0105co ro\u015bnie w Polsce liczba pracuj\u0105cych emeryt\u00f3w. W ci\u0105gu roku przyby\u0142o ich niemal 8 proc., a w ci\u0105gu czterech lat \u2013 30 proc. Ta informacja\u00a0to sygna\u0142 znacznie szerszego trendu, kt\u00f3ry obejmuje nie tylko Polsk\u0119, ale ca\u0142\u0105 Europ\u0119. Chodzi o zwi\u0119kszone wykorzystanie os\u00f3b w wieku powy\u017cej 60 lat na rynku &hellip; <\/p>\n<p class=\"link-more\"><a href=\"https:\/\/spotdata.pl\/blog\/2019\/04\/09\/europa-stawia-na-doswiadczonych-polska-mniej\/\" class=\"more-link\">Czytaj dalej<span class=\"screen-reader-text\"> Europa stawia na do\u015bwiadczonych, Polska mniej<\/span><\/a><\/p>\n","protected":false},"author":2,"featured_media":897,"comment_status":"closed","ping_status":"closed","sticky":false,"template":"","format":"standard","meta":{"footnotes":""},"categories":[17],"tags":[444,442,113,210,68,84,110,165,176,209,122,112,76,114,448,206,87,70,213,447,446,109,36,135,445,208,207,211,85,86,212,443,67,65,66,163,214],"class_list":["post-895","post","type-post","status-publish","format-standard","has-post-thumbnail","hentry","category-rynek-pracy","tag-aktywnosc-osob-starszych","tag-aktywnosc-zawodowa","tag-analizy","tag-analizy-branzowe","tag-analizy-ekonomiczne","tag-analizy-gospodarcze","tag-biznes","tag-blog-ekonomiczny","tag-blog-makroekonomiczny","tag-centrum-analiz","tag-dane-dla-biznesu","tag-dane-dla-firm","tag-ekonomia","tag-ekonomisci","tag-emeryci","tag-finanse","tag-gospodarka","tag-ignacy-morawski","tag-kursy-walut","tag-niedoinwestowanie-sluzby-zdrowia","tag-obnizenie-wieku-emerytalnego","tag-osrodek-analityczny","tag-polska","tag-portal-statystyczny","tag-praca-50","tag-raport-ekonomiczny","tag-raport-finansowy","tag-raporty-branzowe","tag-raporty-ekonomiczne","tag-raporty-gospodarcze","tag-raporty-makroekonomiczne","tag-silver-economy","tag-spot-data","tag-spotdata","tag-spotdata-pl","tag-statystyka","tag-wiadomosci-ekonomiczne","layout-default"],"yoast_head":"<!-- This site is optimized with the Yoast SEO plugin v23.4 - https:\/\/yoast.com\/wordpress\/plugins\/seo\/ -->\n<title>Europa stawia na do\u015bwiadczonych, Polska mniej - SpotData - Blog<\/title>\n<meta name=\"description\" content=\"Znacz\u0105co ro\u015bnie w Polsce liczba pracuj\u0105cych emeryt\u00f3w. W ci\u0105gu roku przyby\u0142o ich niemal 8 proc., a w ci\u0105gu czterech lat \u2013 30 proc. Rz\u0105dy i firmy, kt\u00f3re nie zrozumiej\u0105, \u017ce osoby w wy\u017cszych grupach wiekowych stanowi\u0105 ogromny potencja\u0142, stan\u0105 na przegranej pozycji. Czy my to w Polsce dobrze rozumiemy?\" \/>\n<meta name=\"robots\" content=\"index, follow, max-snippet:-1, max-image-preview:large, max-video-preview:-1\" \/>\n<link rel=\"canonical\" href=\"https:\/\/spotdata.pl\/blog\/2019\/04\/09\/europa-stawia-na-doswiadczonych-polska-mniej\/\" \/>\n<meta property=\"og:locale\" content=\"pl_PL\" \/>\n<meta property=\"og:type\" content=\"article\" \/>\n<meta property=\"og:title\" content=\"Europa stawia na do\u015bwiadczonych, Polska mniej - SpotData - Blog\" \/>\n<meta property=\"og:description\" content=\"Znacz\u0105co ro\u015bnie w Polsce liczba pracuj\u0105cych emeryt\u00f3w. W ci\u0105gu roku przyby\u0142o ich niemal 8 proc., a w ci\u0105gu czterech lat \u2013 30 proc. Rz\u0105dy i firmy, kt\u00f3re nie zrozumiej\u0105, \u017ce osoby w wy\u017cszych grupach wiekowych stanowi\u0105 ogromny potencja\u0142, stan\u0105 na przegranej pozycji. Czy my to w Polsce dobrze rozumiemy?\" \/>\n<meta property=\"og:url\" content=\"https:\/\/spotdata.pl\/blog\/2019\/04\/09\/europa-stawia-na-doswiadczonych-polska-mniej\/\" \/>\n<meta property=\"og:site_name\" content=\"SpotData - Blog\" \/>\n<meta property=\"article:published_time\" content=\"2019-04-09T07:35:22+00:00\" \/>\n<meta property=\"article:modified_time\" content=\"2019-04-09T07:44:22+00:00\" \/>\n<meta property=\"og:image\" content=\"https:\/\/spotdata.pl\/blog\/wp-content\/uploads\/2019\/04\/2019-04-09-aktywnosc-wsrod-starych.png\" \/>\n\t<meta property=\"og:image:width\" content=\"600\" \/>\n\t<meta property=\"og:image:height\" content=\"435\" \/>\n\t<meta property=\"og:image:type\" content=\"image\/png\" \/>\n<meta name=\"author\" content=\"I M\" \/>\n<meta name=\"twitter:card\" content=\"summary_large_image\" \/>\n<meta name=\"twitter:label1\" content=\"Napisane przez\" \/>\n\t<meta name=\"twitter:data1\" content=\"I M\" \/>\n\t<meta name=\"twitter:label2\" content=\"Szacowany czas czytania\" \/>\n\t<meta name=\"twitter:data2\" content=\"2 minuty\" \/>\n<script type=\"application\/ld+json\" class=\"yoast-schema-graph\">{\"@context\":\"https:\/\/schema.org\",\"@graph\":[{\"@type\":\"WebPage\",\"@id\":\"https:\/\/spotdata.pl\/blog\/2019\/04\/09\/europa-stawia-na-doswiadczonych-polska-mniej\/\",\"url\":\"https:\/\/spotdata.pl\/blog\/2019\/04\/09\/europa-stawia-na-doswiadczonych-polska-mniej\/\",\"name\":\"Europa stawia na do\u015bwiadczonych, Polska mniej - SpotData - Blog\",\"isPartOf\":{\"@id\":\"https:\/\/spotdata.pl\/blog\/#website\"},\"primaryImageOfPage\":{\"@id\":\"https:\/\/spotdata.pl\/blog\/2019\/04\/09\/europa-stawia-na-doswiadczonych-polska-mniej\/#primaryimage\"},\"image\":{\"@id\":\"https:\/\/spotdata.pl\/blog\/2019\/04\/09\/europa-stawia-na-doswiadczonych-polska-mniej\/#primaryimage\"},\"thumbnailUrl\":\"https:\/\/spotdata.pl\/blog\/wp-content\/uploads\/2019\/04\/2019-04-09-aktywnosc-wsrod-starych.png\",\"datePublished\":\"2019-04-09T07:35:22+00:00\",\"dateModified\":\"2019-04-09T07:44:22+00:00\",\"author\":{\"@id\":\"https:\/\/spotdata.pl\/blog\/#\/schema\/person\/48fd006a74962b9a86ff5bba4b2ce239\"},\"description\":\"Znacz\u0105co ro\u015bnie w Polsce liczba pracuj\u0105cych emeryt\u00f3w. W ci\u0105gu roku przyby\u0142o ich niemal 8 proc., a w ci\u0105gu czterech lat \u2013 30 proc. Rz\u0105dy i firmy, kt\u00f3re nie zrozumiej\u0105, \u017ce osoby w wy\u017cszych grupach wiekowych stanowi\u0105 ogromny potencja\u0142, stan\u0105 na przegranej pozycji. Czy my to w Polsce dobrze rozumiemy?\",\"breadcrumb\":{\"@id\":\"https:\/\/spotdata.pl\/blog\/2019\/04\/09\/europa-stawia-na-doswiadczonych-polska-mniej\/#breadcrumb\"},\"inLanguage\":\"pl-PL\",\"potentialAction\":[{\"@type\":\"ReadAction\",\"target\":[\"https:\/\/spotdata.pl\/blog\/2019\/04\/09\/europa-stawia-na-doswiadczonych-polska-mniej\/\"]}]},{\"@type\":\"ImageObject\",\"inLanguage\":\"pl-PL\",\"@id\":\"https:\/\/spotdata.pl\/blog\/2019\/04\/09\/europa-stawia-na-doswiadczonych-polska-mniej\/#primaryimage\",\"url\":\"https:\/\/spotdata.pl\/blog\/wp-content\/uploads\/2019\/04\/2019-04-09-aktywnosc-wsrod-starych.png\",\"contentUrl\":\"https:\/\/spotdata.pl\/blog\/wp-content\/uploads\/2019\/04\/2019-04-09-aktywnosc-wsrod-starych.png\",\"width\":600,\"height\":435},{\"@type\":\"BreadcrumbList\",\"@id\":\"https:\/\/spotdata.pl\/blog\/2019\/04\/09\/europa-stawia-na-doswiadczonych-polska-mniej\/#breadcrumb\",\"itemListElement\":[{\"@type\":\"ListItem\",\"position\":1,\"name\":\"Strona g\u0142\u00f3wna\",\"item\":\"https:\/\/spotdata.pl\/blog\/\"},{\"@type\":\"ListItem\",\"position\":2,\"name\":\"Europa stawia na&nbsp;do\u015bwiadczonych, Polska mniej\"}]},{\"@type\":\"WebSite\",\"@id\":\"https:\/\/spotdata.pl\/blog\/#website\",\"url\":\"https:\/\/spotdata.pl\/blog\/\",\"name\":\"SpotData - Blog\",\"description\":\"\u0179r\u00f3d\u0142o wnikliwych analiz makroekonomicznych i bran\u017cowych.\",\"potentialAction\":[{\"@type\":\"SearchAction\",\"target\":{\"@type\":\"EntryPoint\",\"urlTemplate\":\"https:\/\/spotdata.pl\/blog\/?s={search_term_string}\"},\"query-input\":{\"@type\":\"PropertyValueSpecification\",\"valueRequired\":true,\"valueName\":\"search_term_string\"}}],\"inLanguage\":\"pl-PL\"},{\"@type\":\"Person\",\"@id\":\"https:\/\/spotdata.pl\/blog\/#\/schema\/person\/48fd006a74962b9a86ff5bba4b2ce239\",\"name\":\"I M\",\"image\":{\"@type\":\"ImageObject\",\"inLanguage\":\"pl-PL\",\"@id\":\"https:\/\/spotdata.pl\/blog\/#\/schema\/person\/image\/\",\"url\":\"https:\/\/secure.gravatar.com\/avatar\/c315bb1934ec26691dd14126e402c123?s=96&d=mm&r=g\",\"contentUrl\":\"https:\/\/secure.gravatar.com\/avatar\/c315bb1934ec26691dd14126e402c123?s=96&d=mm&r=g\",\"caption\":\"I M\"},\"url\":\"https:\/\/spotdata.pl\/blog\/author\/sdadmin\/\"}]}<\/script>\n<!-- \/ Yoast SEO plugin. -->","yoast_head_json":{"title":"Europa stawia na do\u015bwiadczonych, Polska mniej - SpotData - Blog","description":"Znacz\u0105co ro\u015bnie w Polsce liczba pracuj\u0105cych emeryt\u00f3w. W ci\u0105gu roku przyby\u0142o ich niemal 8 proc., a w ci\u0105gu czterech lat \u2013 30 proc. Rz\u0105dy i firmy, kt\u00f3re nie zrozumiej\u0105, \u017ce osoby w wy\u017cszych grupach wiekowych stanowi\u0105 ogromny potencja\u0142, stan\u0105 na przegranej pozycji. Czy my to w Polsce dobrze rozumiemy?","robots":{"index":"index","follow":"follow","max-snippet":"max-snippet:-1","max-image-preview":"max-image-preview:large","max-video-preview":"max-video-preview:-1"},"canonical":"https:\/\/spotdata.pl\/blog\/2019\/04\/09\/europa-stawia-na-doswiadczonych-polska-mniej\/","og_locale":"pl_PL","og_type":"article","og_title":"Europa stawia na do\u015bwiadczonych, Polska mniej - SpotData - Blog","og_description":"Znacz\u0105co ro\u015bnie w Polsce liczba pracuj\u0105cych emeryt\u00f3w. W ci\u0105gu roku przyby\u0142o ich niemal 8 proc., a w ci\u0105gu czterech lat \u2013 30 proc. Rz\u0105dy i firmy, kt\u00f3re nie zrozumiej\u0105, \u017ce osoby w wy\u017cszych grupach wiekowych stanowi\u0105 ogromny potencja\u0142, stan\u0105 na przegranej pozycji. Czy my to w Polsce dobrze rozumiemy?","og_url":"https:\/\/spotdata.pl\/blog\/2019\/04\/09\/europa-stawia-na-doswiadczonych-polska-mniej\/","og_site_name":"SpotData - Blog","article_published_time":"2019-04-09T07:35:22+00:00","article_modified_time":"2019-04-09T07:44:22+00:00","og_image":[{"width":600,"height":435,"url":"https:\/\/spotdata.pl\/blog\/wp-content\/uploads\/2019\/04\/2019-04-09-aktywnosc-wsrod-starych.png","type":"image\/png"}],"author":"I M","twitter_card":"summary_large_image","twitter_misc":{"Napisane przez":"I M","Szacowany czas czytania":"2 minuty"},"schema":{"@context":"https:\/\/schema.org","@graph":[{"@type":"WebPage","@id":"https:\/\/spotdata.pl\/blog\/2019\/04\/09\/europa-stawia-na-doswiadczonych-polska-mniej\/","url":"https:\/\/spotdata.pl\/blog\/2019\/04\/09\/europa-stawia-na-doswiadczonych-polska-mniej\/","name":"Europa stawia na do\u015bwiadczonych, Polska mniej - SpotData - Blog","isPartOf":{"@id":"https:\/\/spotdata.pl\/blog\/#website"},"primaryImageOfPage":{"@id":"https:\/\/spotdata.pl\/blog\/2019\/04\/09\/europa-stawia-na-doswiadczonych-polska-mniej\/#primaryimage"},"image":{"@id":"https:\/\/spotdata.pl\/blog\/2019\/04\/09\/europa-stawia-na-doswiadczonych-polska-mniej\/#primaryimage"},"thumbnailUrl":"https:\/\/spotdata.pl\/blog\/wp-content\/uploads\/2019\/04\/2019-04-09-aktywnosc-wsrod-starych.png","datePublished":"2019-04-09T07:35:22+00:00","dateModified":"2019-04-09T07:44:22+00:00","author":{"@id":"https:\/\/spotdata.pl\/blog\/#\/schema\/person\/48fd006a74962b9a86ff5bba4b2ce239"},"description":"Znacz\u0105co ro\u015bnie w Polsce liczba pracuj\u0105cych emeryt\u00f3w. W ci\u0105gu roku przyby\u0142o ich niemal 8 proc., a w ci\u0105gu czterech lat \u2013 30 proc. Rz\u0105dy i firmy, kt\u00f3re nie zrozumiej\u0105, \u017ce osoby w wy\u017cszych grupach wiekowych stanowi\u0105 ogromny potencja\u0142, stan\u0105 na przegranej pozycji. Czy my to w Polsce dobrze rozumiemy?","breadcrumb":{"@id":"https:\/\/spotdata.pl\/blog\/2019\/04\/09\/europa-stawia-na-doswiadczonych-polska-mniej\/#breadcrumb"},"inLanguage":"pl-PL","potentialAction":[{"@type":"ReadAction","target":["https:\/\/spotdata.pl\/blog\/2019\/04\/09\/europa-stawia-na-doswiadczonych-polska-mniej\/"]}]},{"@type":"ImageObject","inLanguage":"pl-PL","@id":"https:\/\/spotdata.pl\/blog\/2019\/04\/09\/europa-stawia-na-doswiadczonych-polska-mniej\/#primaryimage","url":"https:\/\/spotdata.pl\/blog\/wp-content\/uploads\/2019\/04\/2019-04-09-aktywnosc-wsrod-starych.png","contentUrl":"https:\/\/spotdata.pl\/blog\/wp-content\/uploads\/2019\/04\/2019-04-09-aktywnosc-wsrod-starych.png","width":600,"height":435},{"@type":"BreadcrumbList","@id":"https:\/\/spotdata.pl\/blog\/2019\/04\/09\/europa-stawia-na-doswiadczonych-polska-mniej\/#breadcrumb","itemListElement":[{"@type":"ListItem","position":1,"name":"Strona g\u0142\u00f3wna","item":"https:\/\/spotdata.pl\/blog\/"},{"@type":"ListItem","position":2,"name":"Europa stawia na&nbsp;do\u015bwiadczonych, Polska mniej"}]},{"@type":"WebSite","@id":"https:\/\/spotdata.pl\/blog\/#website","url":"https:\/\/spotdata.pl\/blog\/","name":"SpotData - Blog","description":"\u0179r\u00f3d\u0142o wnikliwych analiz makroekonomicznych i bran\u017cowych.","potentialAction":[{"@type":"SearchAction","target":{"@type":"EntryPoint","urlTemplate":"https:\/\/spotdata.pl\/blog\/?s={search_term_string}"},"query-input":{"@type":"PropertyValueSpecification","valueRequired":true,"valueName":"search_term_string"}}],"inLanguage":"pl-PL"},{"@type":"Person","@id":"https:\/\/spotdata.pl\/blog\/#\/schema\/person\/48fd006a74962b9a86ff5bba4b2ce239","name":"I M","image":{"@type":"ImageObject","inLanguage":"pl-PL","@id":"https:\/\/spotdata.pl\/blog\/#\/schema\/person\/image\/","url":"https:\/\/secure.gravatar.com\/avatar\/c315bb1934ec26691dd14126e402c123?s=96&d=mm&r=g","contentUrl":"https:\/\/secure.gravatar.com\/avatar\/c315bb1934ec26691dd14126e402c123?s=96&d=mm&r=g","caption":"I M"},"url":"https:\/\/spotdata.pl\/blog\/author\/sdadmin\/"}]}},"_links":{"self":[{"href":"https:\/\/spotdata.pl\/blog\/wp-json\/wp\/v2\/posts\/895"}],"collection":[{"href":"https:\/\/spotdata.pl\/blog\/wp-json\/wp\/v2\/posts"}],"about":[{"href":"https:\/\/spotdata.pl\/blog\/wp-json\/wp\/v2\/types\/post"}],"author":[{"embeddable":true,"href":"https:\/\/spotdata.pl\/blog\/wp-json\/wp\/v2\/users\/2"}],"replies":[{"embeddable":true,"href":"https:\/\/spotdata.pl\/blog\/wp-json\/wp\/v2\/comments?post=895"}],"version-history":[{"count":3,"href":"https:\/\/spotdata.pl\/blog\/wp-json\/wp\/v2\/posts\/895\/revisions"}],"predecessor-version":[{"id":899,"href":"https:\/\/spotdata.pl\/blog\/wp-json\/wp\/v2\/posts\/895\/revisions\/899"}],"wp:featuredmedia":[{"embeddable":true,"href":"https:\/\/spotdata.pl\/blog\/wp-json\/wp\/v2\/media\/897"}],"wp:attachment":[{"href":"https:\/\/spotdata.pl\/blog\/wp-json\/wp\/v2\/media?parent=895"}],"wp:term":[{"taxonomy":"category","embeddable":true,"href":"https:\/\/spotdata.pl\/blog\/wp-json\/wp\/v2\/categories?post=895"},{"taxonomy":"post_tag","embeddable":true,"href":"https:\/\/spotdata.pl\/blog\/wp-json\/wp\/v2\/tags?post=895"}],"curies":[{"name":"wp","href":"https:\/\/api.w.org\/{rel}","templated":true}]}}