{"id":769,"date":"2019-02-26T09:11:39","date_gmt":"2019-02-26T08:11:39","guid":{"rendered":"https:\/\/spotdata.pl\/blog\/?p=769"},"modified":"2019-02-26T09:13:06","modified_gmt":"2019-02-26T08:13:06","slug":"zatrudnienie-stanelo-w-miejscu-pierwszy-raz-od-ponad-szesciu-lat","status":"publish","type":"post","link":"https:\/\/spotdata.pl\/blog\/2019\/02\/26\/zatrudnienie-stanelo-w-miejscu-pierwszy-raz-od-ponad-szesciu-lat\/","title":{"rendered":"Zatrudnienie stan\u0119\u0142o w miejscu, pierwszy raz od ponad sze\u015bciu lat"},"content":{"rendered":"<p style=\"text-align: justify;\">Wyczerpuj\u0105 si\u0119 ju\u017c w Polsce zasoby wolnej si\u0142y roboczej, kt\u00f3re mo\u017cna szybko zaanga\u017cowa\u0107 do pracy.\u00a0<strong>Gospodarka jest prawdopodobnie bliska stanowi, kt\u00f3ry ekonomi\u015bci nazywaj\u0105 pe\u0142nym zatrudnieniem, co oznacza, \u017ce dodatkowy przyrost zatrudnienia mo\u017cna by osi\u0105gn\u0105\u0107 tylko przez wsparcie aktywno\u015bci zawodowej, a nie popytu na pracownik\u00f3w.<\/strong>\u00a0Taki wniosek mo\u017cna wysnu\u0107 z ostatnich danych z badania aktywno\u015bci ekonomicznej ludno\u015bci.<\/p>\r\n<p style=\"text-align: justify;\"><strong>Wed\u0142ug wynik\u00f3w badania BAEL, opublikowanego wczoraj przez GUS, zatrudnienie w Polsce w czwartym kwartale wzros\u0142o zaledwie o 0,03 proc. rok do roku (trzy setne procenta, czyli w zaokr\u0105gleniu zero). To najs\u0142absza dynamika od drugiego kwarta\u0142u 2013 r., czyli niemal od sze\u015bciu lat.<\/strong>\u00a0W jakiej\u015b mierze odpowiada za to os\u0142abienie popytu, widoczne chocia\u017cby w ni\u017cszej dynamice inwestycji w gospodarce. Ale wa\u017cniejszy jest prawdopodobnie czynnik poda\u017cowy. Jest wci\u0105\u017c wiele firm ch\u0119tnych do zatrudniania, co wida\u0107 m.in. po wynikach ankiet w\u015br\u00f3d mened\u017cer\u00f3w. Tylko nie da si\u0119 ju\u017c \u0142atwo znale\u017a\u0107 os\u00f3b, kt\u00f3re nie maj\u0105 pracy. Trzeba \u201ewyci\u0105ga\u0107\u201d je z innych firm, a za to s\u0142ono si\u0119 p\u0142aci. Dlatego dynamika wynagrodze\u0144 nie obni\u017ca si\u0119, mimo s\u0142abszej dynamiki zatrudnienia.<\/p>\r\n<p style=\"text-align: justify;\">Wprawdzie badanie BAEL nie uwzgl\u0119dnia wi\u0119kszo\u015bci imigrant\u00f3w obecnych w Polsce, ale wiele sygna\u0142\u00f3w wskazuje, \u017ce dynamika zatrudnienia w tej grupie r\u00f3wnie\u017c wyra\u017anie si\u0119 obni\u017cy\u0142a w ostatnich miesi\u0105cach. Ta fala nie mog\u0142a trwa\u0107 wiecznie.<\/p>\r\n<p style=\"text-align: justify;\"><strong>Jakie z tego mo\u017cna wysnu\u0107 wnioski? Ograniczenia poda\u017cowe b\u0119d\u0105 coraz bardziej hamowa\u0142y wzrost gospodarczy.<\/strong>\u00a0Polska od kilku lat jest w recesji demograficznej, zasoby krajowej si\u0142y roboczej kurcz\u0105 si\u0119. Od 2015 r. ta zmiana by\u0142a niwelowana przez nap\u0142yw imigrant\u00f3w, ale dzi\u015b, gdy ten nap\u0142yw mija, przyjdzie nam zderzy\u0107 si\u0119 czo\u0142owo z efektami zmniejszenia zasob\u00f3w si\u0142y roboczej.\u00a0<strong>Plus jest taki, \u017ce firmy b\u0119d\u0105 mia\u0142y coraz wi\u0119cej bod\u017ac\u00f3w by znacz\u0105co zwi\u0119ksza\u0107 wydajno\u015b\u0107 pracy.\u00a0\u00a0<\/strong><\/p>\r\n<p><img loading=\"lazy\" decoding=\"async\" class=\"aligncenter size-full wp-image-770\" src=\"https:\/\/spotdata.pl\/blog\/wp-content\/uploads\/2019\/02\/2019-02-26-zatrudnienie.png\" alt=\"\" width=\"600\" height=\"604\" srcset=\"https:\/\/spotdata.pl\/blog\/wp-content\/uploads\/2019\/02\/2019-02-26-zatrudnienie.png 600w, https:\/\/spotdata.pl\/blog\/wp-content\/uploads\/2019\/02\/2019-02-26-zatrudnienie-150x150.png 150w, https:\/\/spotdata.pl\/blog\/wp-content\/uploads\/2019\/02\/2019-02-26-zatrudnienie-298x300.png 298w, https:\/\/spotdata.pl\/blog\/wp-content\/uploads\/2019\/02\/2019-02-26-zatrudnienie-100x100.png 100w\" sizes=\"(max-width: 600px) 100vw, 600px\" \/> Autor: Ignacy Morawski<\/p>\r\n<hr \/>\r\n<h3><span style=\"color: #ff6600;\">\u0179r\u00f3d\u0142o danych o zatrudnieniu:\u00a0<span style=\"text-decoration: underline;\"><span style=\"font-size: 14px;\"><a style=\"font-size: 17px; color: #ff6600; text-decoration: underline;\" href=\"https:\/\/spotdata.pl\/b\/ogolna\/liczba-zatrudnionych-wg-wieku#\/v\/zatrudnienie-osob-w-wieku-15-lat-i-wiecej\" target=\"_blank\" rel=\"noopener\">LINK<\/a><\/span><\/span><\/span><\/h3>\r\n<!-- \/wp:html -->\r\n\r\n<!-- wp:paragraph --><!-- \/wp:paragraph -->\r\n\r\n<!-- wp:paragraph -->\r\n<p style=\"text-align: justify;\"><strong>Chcesz samodzielnie analizowa\u0107 dane ekonomiczne? Platforma SpotData to\u00a0darmowy dost\u0119p do\u00a0ponad 40 tysi\u0119cy danych z\u00a0polskiej i\u00a0\u015bwiatowej gospodarki, kt\u00f3re mo\u017cna analizowa\u0107, przetwarza\u0107 i\u00a0pobiera\u0107 w\u00a0formie wykres\u00f3w i\u00a0tabel do\u00a0Excela. <\/strong><\/p>\r\n<!-- \/wp:paragraph -->\r\n\r\n<!-- wp:paragraph -->\r\n<p style=\"text-align: center;\"><strong>Sprawd\u017a na:\u00a0<span style=\"text-decoration: underline;\">\u00a0<\/span><\/strong><span style=\"text-decoration: underline;\"><span style=\"font-size: 16px;\"><a style=\"font-size: 17px;\" href=\"http:\/\/www.spotdata.pl\/ogolna\" target=\"_blank\" rel=\"noreferrer noopener\">www.spotdata.pl\/ogolna<\/a><\/span><\/span><\/p>","protected":false},"excerpt":{"rendered":"<p>Wyczerpuj\u0105 si\u0119 ju\u017c w Polsce zasoby wolnej si\u0142y roboczej, kt\u00f3re mo\u017cna szybko zaanga\u017cowa\u0107 do pracy.\u00a0Gospodarka jest prawdopodobnie bliska stanowi, kt\u00f3ry ekonomi\u015bci nazywaj\u0105 pe\u0142nym zatrudnieniem, co oznacza, \u017ce dodatkowy przyrost zatrudnienia mo\u017cna by osi\u0105gn\u0105\u0107 tylko przez wsparcie aktywno\u015bci zawodowej, a nie popytu na pracownik\u00f3w.\u00a0Taki wniosek mo\u017cna wysnu\u0107 z ostatnich danych z badania aktywno\u015bci ekonomicznej ludno\u015bci. Wed\u0142ug &hellip; <\/p>\n<p class=\"link-more\"><a href=\"https:\/\/spotdata.pl\/blog\/2019\/02\/26\/zatrudnienie-stanelo-w-miejscu-pierwszy-raz-od-ponad-szesciu-lat\/\" class=\"more-link\">Czytaj dalej<span class=\"screen-reader-text\"> Zatrudnienie stan\u0119\u0142o w miejscu, pierwszy raz od ponad sze\u015bciu lat<\/span><\/a><\/p>\n","protected":false},"author":2,"featured_media":770,"comment_status":"closed","ping_status":"closed","sticky":false,"template":"","format":"standard","meta":{"footnotes":""},"categories":[17],"tags":[113,210,68,84,110,165,176,209,122,112,76,114,206,87,70,213,109,36,135,340,129,208,207,211,85,86,212,67,65,66,163,128,214,341,12,127],"class_list":["post-769","post","type-post","status-publish","format-standard","has-post-thumbnail","hentry","category-rynek-pracy","tag-analizy","tag-analizy-branzowe","tag-analizy-ekonomiczne","tag-analizy-gospodarcze","tag-biznes","tag-blog-ekonomiczny","tag-blog-makroekonomiczny","tag-centrum-analiz","tag-dane-dla-biznesu","tag-dane-dla-firm","tag-ekonomia","tag-ekonomisci","tag-finanse","tag-gospodarka","tag-ignacy-morawski","tag-kursy-walut","tag-osrodek-analityczny","tag-polska","tag-portal-statystyczny","tag-pracownicy","tag-pracujacy","tag-raport-ekonomiczny","tag-raport-finansowy","tag-raporty-branzowe","tag-raporty-ekonomiczne","tag-raporty-gospodarcze","tag-raporty-makroekonomiczne","tag-spot-data","tag-spotdata","tag-spotdata-pl","tag-statystyka","tag-ukraincy","tag-wiadomosci-ekonomiczne","tag-wydajnosc-pracy","tag-wzrost-gospodarczy","tag-zatrudnienie","layout-default"],"yoast_head":"<!-- This site is optimized with the Yoast SEO plugin v23.4 - https:\/\/yoast.com\/wordpress\/plugins\/seo\/ -->\n<title>Zatrudnienie stan\u0119\u0142o w miejscu, pierwszy raz od ponad sze\u015bciu lat - SpotData - Blog<\/title>\n<meta name=\"description\" content=\"Gospodarka jest prawdopodobnie bliska stanowi, kt\u00f3ry ekonomi\u015bci nazywaj\u0105 pe\u0142nym zatrudnieniem, co oznacza, \u017ce dodatkowy przyrost zatrudnienia mo\u017cnaby osi\u0105gn\u0105\u0107 tylko przez wsparcie aktywno\u015bci zawodowej, a nie popytu na pracownik\u00f3w.\u00a0\" \/>\n<meta name=\"robots\" content=\"index, follow, max-snippet:-1, max-image-preview:large, max-video-preview:-1\" \/>\n<link rel=\"canonical\" href=\"https:\/\/spotdata.pl\/blog\/2019\/02\/26\/zatrudnienie-stanelo-w-miejscu-pierwszy-raz-od-ponad-szesciu-lat\/\" \/>\n<meta property=\"og:locale\" content=\"pl_PL\" \/>\n<meta property=\"og:type\" content=\"article\" \/>\n<meta property=\"og:title\" content=\"Zatrudnienie stan\u0119\u0142o w miejscu, pierwszy raz od ponad sze\u015bciu lat - SpotData - Blog\" \/>\n<meta property=\"og:description\" content=\"Gospodarka jest prawdopodobnie bliska stanowi, kt\u00f3ry ekonomi\u015bci nazywaj\u0105 pe\u0142nym zatrudnieniem, co oznacza, \u017ce dodatkowy przyrost zatrudnienia mo\u017cnaby osi\u0105gn\u0105\u0107 tylko przez wsparcie aktywno\u015bci zawodowej, a nie popytu na pracownik\u00f3w.\u00a0\" \/>\n<meta property=\"og:url\" content=\"https:\/\/spotdata.pl\/blog\/2019\/02\/26\/zatrudnienie-stanelo-w-miejscu-pierwszy-raz-od-ponad-szesciu-lat\/\" \/>\n<meta property=\"og:site_name\" content=\"SpotData - Blog\" \/>\n<meta property=\"article:published_time\" content=\"2019-02-26T08:11:39+00:00\" \/>\n<meta property=\"article:modified_time\" content=\"2019-02-26T08:13:06+00:00\" \/>\n<meta property=\"og:image\" content=\"https:\/\/spotdata.pl\/blog\/wp-content\/uploads\/2019\/02\/2019-02-26-zatrudnienie.png\" \/>\n\t<meta property=\"og:image:width\" content=\"600\" \/>\n\t<meta property=\"og:image:height\" content=\"604\" \/>\n\t<meta property=\"og:image:type\" content=\"image\/png\" \/>\n<meta name=\"author\" content=\"I M\" \/>\n<meta name=\"twitter:card\" content=\"summary_large_image\" \/>\n<meta name=\"twitter:label1\" content=\"Napisane przez\" \/>\n\t<meta name=\"twitter:data1\" content=\"I M\" \/>\n\t<meta name=\"twitter:label2\" content=\"Szacowany czas czytania\" \/>\n\t<meta name=\"twitter:data2\" content=\"2 minuty\" \/>\n<script type=\"application\/ld+json\" class=\"yoast-schema-graph\">{\"@context\":\"https:\/\/schema.org\",\"@graph\":[{\"@type\":\"WebPage\",\"@id\":\"https:\/\/spotdata.pl\/blog\/2019\/02\/26\/zatrudnienie-stanelo-w-miejscu-pierwszy-raz-od-ponad-szesciu-lat\/\",\"url\":\"https:\/\/spotdata.pl\/blog\/2019\/02\/26\/zatrudnienie-stanelo-w-miejscu-pierwszy-raz-od-ponad-szesciu-lat\/\",\"name\":\"Zatrudnienie stan\u0119\u0142o w miejscu, pierwszy raz od ponad sze\u015bciu lat - SpotData - Blog\",\"isPartOf\":{\"@id\":\"https:\/\/spotdata.pl\/blog\/#website\"},\"primaryImageOfPage\":{\"@id\":\"https:\/\/spotdata.pl\/blog\/2019\/02\/26\/zatrudnienie-stanelo-w-miejscu-pierwszy-raz-od-ponad-szesciu-lat\/#primaryimage\"},\"image\":{\"@id\":\"https:\/\/spotdata.pl\/blog\/2019\/02\/26\/zatrudnienie-stanelo-w-miejscu-pierwszy-raz-od-ponad-szesciu-lat\/#primaryimage\"},\"thumbnailUrl\":\"https:\/\/spotdata.pl\/blog\/wp-content\/uploads\/2019\/02\/2019-02-26-zatrudnienie.png\",\"datePublished\":\"2019-02-26T08:11:39+00:00\",\"dateModified\":\"2019-02-26T08:13:06+00:00\",\"author\":{\"@id\":\"https:\/\/spotdata.pl\/blog\/#\/schema\/person\/48fd006a74962b9a86ff5bba4b2ce239\"},\"description\":\"Gospodarka jest prawdopodobnie bliska stanowi, kt\u00f3ry ekonomi\u015bci nazywaj\u0105 pe\u0142nym zatrudnieniem, co oznacza, \u017ce dodatkowy przyrost zatrudnienia mo\u017cnaby osi\u0105gn\u0105\u0107 tylko przez wsparcie aktywno\u015bci zawodowej, a nie popytu na pracownik\u00f3w.\u00a0\",\"breadcrumb\":{\"@id\":\"https:\/\/spotdata.pl\/blog\/2019\/02\/26\/zatrudnienie-stanelo-w-miejscu-pierwszy-raz-od-ponad-szesciu-lat\/#breadcrumb\"},\"inLanguage\":\"pl-PL\",\"potentialAction\":[{\"@type\":\"ReadAction\",\"target\":[\"https:\/\/spotdata.pl\/blog\/2019\/02\/26\/zatrudnienie-stanelo-w-miejscu-pierwszy-raz-od-ponad-szesciu-lat\/\"]}]},{\"@type\":\"ImageObject\",\"inLanguage\":\"pl-PL\",\"@id\":\"https:\/\/spotdata.pl\/blog\/2019\/02\/26\/zatrudnienie-stanelo-w-miejscu-pierwszy-raz-od-ponad-szesciu-lat\/#primaryimage\",\"url\":\"https:\/\/spotdata.pl\/blog\/wp-content\/uploads\/2019\/02\/2019-02-26-zatrudnienie.png\",\"contentUrl\":\"https:\/\/spotdata.pl\/blog\/wp-content\/uploads\/2019\/02\/2019-02-26-zatrudnienie.png\",\"width\":600,\"height\":604},{\"@type\":\"BreadcrumbList\",\"@id\":\"https:\/\/spotdata.pl\/blog\/2019\/02\/26\/zatrudnienie-stanelo-w-miejscu-pierwszy-raz-od-ponad-szesciu-lat\/#breadcrumb\",\"itemListElement\":[{\"@type\":\"ListItem\",\"position\":1,\"name\":\"Strona g\u0142\u00f3wna\",\"item\":\"https:\/\/spotdata.pl\/blog\/\"},{\"@type\":\"ListItem\",\"position\":2,\"name\":\"Zatrudnienie stan\u0119\u0142o w&nbsp;miejscu, pierwszy raz od&nbsp;ponad sze\u015bciu lat\"}]},{\"@type\":\"WebSite\",\"@id\":\"https:\/\/spotdata.pl\/blog\/#website\",\"url\":\"https:\/\/spotdata.pl\/blog\/\",\"name\":\"SpotData - Blog\",\"description\":\"\u0179r\u00f3d\u0142o wnikliwych analiz makroekonomicznych i bran\u017cowych.\",\"potentialAction\":[{\"@type\":\"SearchAction\",\"target\":{\"@type\":\"EntryPoint\",\"urlTemplate\":\"https:\/\/spotdata.pl\/blog\/?s={search_term_string}\"},\"query-input\":{\"@type\":\"PropertyValueSpecification\",\"valueRequired\":true,\"valueName\":\"search_term_string\"}}],\"inLanguage\":\"pl-PL\"},{\"@type\":\"Person\",\"@id\":\"https:\/\/spotdata.pl\/blog\/#\/schema\/person\/48fd006a74962b9a86ff5bba4b2ce239\",\"name\":\"I M\",\"image\":{\"@type\":\"ImageObject\",\"inLanguage\":\"pl-PL\",\"@id\":\"https:\/\/spotdata.pl\/blog\/#\/schema\/person\/image\/\",\"url\":\"https:\/\/secure.gravatar.com\/avatar\/c315bb1934ec26691dd14126e402c123?s=96&d=mm&r=g\",\"contentUrl\":\"https:\/\/secure.gravatar.com\/avatar\/c315bb1934ec26691dd14126e402c123?s=96&d=mm&r=g\",\"caption\":\"I M\"},\"url\":\"https:\/\/spotdata.pl\/blog\/author\/sdadmin\/\"}]}<\/script>\n<!-- \/ Yoast SEO plugin. -->","yoast_head_json":{"title":"Zatrudnienie stan\u0119\u0142o w miejscu, pierwszy raz od ponad sze\u015bciu lat - SpotData - Blog","description":"Gospodarka jest prawdopodobnie bliska stanowi, kt\u00f3ry ekonomi\u015bci nazywaj\u0105 pe\u0142nym zatrudnieniem, co oznacza, \u017ce dodatkowy przyrost zatrudnienia mo\u017cnaby osi\u0105gn\u0105\u0107 tylko przez wsparcie aktywno\u015bci zawodowej, a nie popytu na pracownik\u00f3w.\u00a0","robots":{"index":"index","follow":"follow","max-snippet":"max-snippet:-1","max-image-preview":"max-image-preview:large","max-video-preview":"max-video-preview:-1"},"canonical":"https:\/\/spotdata.pl\/blog\/2019\/02\/26\/zatrudnienie-stanelo-w-miejscu-pierwszy-raz-od-ponad-szesciu-lat\/","og_locale":"pl_PL","og_type":"article","og_title":"Zatrudnienie stan\u0119\u0142o w miejscu, pierwszy raz od ponad sze\u015bciu lat - SpotData - Blog","og_description":"Gospodarka jest prawdopodobnie bliska stanowi, kt\u00f3ry ekonomi\u015bci nazywaj\u0105 pe\u0142nym zatrudnieniem, co oznacza, \u017ce dodatkowy przyrost zatrudnienia mo\u017cnaby osi\u0105gn\u0105\u0107 tylko przez wsparcie aktywno\u015bci zawodowej, a nie popytu na pracownik\u00f3w.\u00a0","og_url":"https:\/\/spotdata.pl\/blog\/2019\/02\/26\/zatrudnienie-stanelo-w-miejscu-pierwszy-raz-od-ponad-szesciu-lat\/","og_site_name":"SpotData - Blog","article_published_time":"2019-02-26T08:11:39+00:00","article_modified_time":"2019-02-26T08:13:06+00:00","og_image":[{"width":600,"height":604,"url":"https:\/\/spotdata.pl\/blog\/wp-content\/uploads\/2019\/02\/2019-02-26-zatrudnienie.png","type":"image\/png"}],"author":"I M","twitter_card":"summary_large_image","twitter_misc":{"Napisane przez":"I M","Szacowany czas czytania":"2 minuty"},"schema":{"@context":"https:\/\/schema.org","@graph":[{"@type":"WebPage","@id":"https:\/\/spotdata.pl\/blog\/2019\/02\/26\/zatrudnienie-stanelo-w-miejscu-pierwszy-raz-od-ponad-szesciu-lat\/","url":"https:\/\/spotdata.pl\/blog\/2019\/02\/26\/zatrudnienie-stanelo-w-miejscu-pierwszy-raz-od-ponad-szesciu-lat\/","name":"Zatrudnienie stan\u0119\u0142o w miejscu, pierwszy raz od ponad sze\u015bciu lat - SpotData - Blog","isPartOf":{"@id":"https:\/\/spotdata.pl\/blog\/#website"},"primaryImageOfPage":{"@id":"https:\/\/spotdata.pl\/blog\/2019\/02\/26\/zatrudnienie-stanelo-w-miejscu-pierwszy-raz-od-ponad-szesciu-lat\/#primaryimage"},"image":{"@id":"https:\/\/spotdata.pl\/blog\/2019\/02\/26\/zatrudnienie-stanelo-w-miejscu-pierwszy-raz-od-ponad-szesciu-lat\/#primaryimage"},"thumbnailUrl":"https:\/\/spotdata.pl\/blog\/wp-content\/uploads\/2019\/02\/2019-02-26-zatrudnienie.png","datePublished":"2019-02-26T08:11:39+00:00","dateModified":"2019-02-26T08:13:06+00:00","author":{"@id":"https:\/\/spotdata.pl\/blog\/#\/schema\/person\/48fd006a74962b9a86ff5bba4b2ce239"},"description":"Gospodarka jest prawdopodobnie bliska stanowi, kt\u00f3ry ekonomi\u015bci nazywaj\u0105 pe\u0142nym zatrudnieniem, co oznacza, \u017ce dodatkowy przyrost zatrudnienia mo\u017cnaby osi\u0105gn\u0105\u0107 tylko przez wsparcie aktywno\u015bci zawodowej, a nie popytu na pracownik\u00f3w.\u00a0","breadcrumb":{"@id":"https:\/\/spotdata.pl\/blog\/2019\/02\/26\/zatrudnienie-stanelo-w-miejscu-pierwszy-raz-od-ponad-szesciu-lat\/#breadcrumb"},"inLanguage":"pl-PL","potentialAction":[{"@type":"ReadAction","target":["https:\/\/spotdata.pl\/blog\/2019\/02\/26\/zatrudnienie-stanelo-w-miejscu-pierwszy-raz-od-ponad-szesciu-lat\/"]}]},{"@type":"ImageObject","inLanguage":"pl-PL","@id":"https:\/\/spotdata.pl\/blog\/2019\/02\/26\/zatrudnienie-stanelo-w-miejscu-pierwszy-raz-od-ponad-szesciu-lat\/#primaryimage","url":"https:\/\/spotdata.pl\/blog\/wp-content\/uploads\/2019\/02\/2019-02-26-zatrudnienie.png","contentUrl":"https:\/\/spotdata.pl\/blog\/wp-content\/uploads\/2019\/02\/2019-02-26-zatrudnienie.png","width":600,"height":604},{"@type":"BreadcrumbList","@id":"https:\/\/spotdata.pl\/blog\/2019\/02\/26\/zatrudnienie-stanelo-w-miejscu-pierwszy-raz-od-ponad-szesciu-lat\/#breadcrumb","itemListElement":[{"@type":"ListItem","position":1,"name":"Strona g\u0142\u00f3wna","item":"https:\/\/spotdata.pl\/blog\/"},{"@type":"ListItem","position":2,"name":"Zatrudnienie stan\u0119\u0142o w&nbsp;miejscu, pierwszy raz od&nbsp;ponad sze\u015bciu lat"}]},{"@type":"WebSite","@id":"https:\/\/spotdata.pl\/blog\/#website","url":"https:\/\/spotdata.pl\/blog\/","name":"SpotData - Blog","description":"\u0179r\u00f3d\u0142o wnikliwych analiz makroekonomicznych i bran\u017cowych.","potentialAction":[{"@type":"SearchAction","target":{"@type":"EntryPoint","urlTemplate":"https:\/\/spotdata.pl\/blog\/?s={search_term_string}"},"query-input":{"@type":"PropertyValueSpecification","valueRequired":true,"valueName":"search_term_string"}}],"inLanguage":"pl-PL"},{"@type":"Person","@id":"https:\/\/spotdata.pl\/blog\/#\/schema\/person\/48fd006a74962b9a86ff5bba4b2ce239","name":"I M","image":{"@type":"ImageObject","inLanguage":"pl-PL","@id":"https:\/\/spotdata.pl\/blog\/#\/schema\/person\/image\/","url":"https:\/\/secure.gravatar.com\/avatar\/c315bb1934ec26691dd14126e402c123?s=96&d=mm&r=g","contentUrl":"https:\/\/secure.gravatar.com\/avatar\/c315bb1934ec26691dd14126e402c123?s=96&d=mm&r=g","caption":"I M"},"url":"https:\/\/spotdata.pl\/blog\/author\/sdadmin\/"}]}},"_links":{"self":[{"href":"https:\/\/spotdata.pl\/blog\/wp-json\/wp\/v2\/posts\/769"}],"collection":[{"href":"https:\/\/spotdata.pl\/blog\/wp-json\/wp\/v2\/posts"}],"about":[{"href":"https:\/\/spotdata.pl\/blog\/wp-json\/wp\/v2\/types\/post"}],"author":[{"embeddable":true,"href":"https:\/\/spotdata.pl\/blog\/wp-json\/wp\/v2\/users\/2"}],"replies":[{"embeddable":true,"href":"https:\/\/spotdata.pl\/blog\/wp-json\/wp\/v2\/comments?post=769"}],"version-history":[{"count":3,"href":"https:\/\/spotdata.pl\/blog\/wp-json\/wp\/v2\/posts\/769\/revisions"}],"predecessor-version":[{"id":774,"href":"https:\/\/spotdata.pl\/blog\/wp-json\/wp\/v2\/posts\/769\/revisions\/774"}],"wp:featuredmedia":[{"embeddable":true,"href":"https:\/\/spotdata.pl\/blog\/wp-json\/wp\/v2\/media\/770"}],"wp:attachment":[{"href":"https:\/\/spotdata.pl\/blog\/wp-json\/wp\/v2\/media?parent=769"}],"wp:term":[{"taxonomy":"category","embeddable":true,"href":"https:\/\/spotdata.pl\/blog\/wp-json\/wp\/v2\/categories?post=769"},{"taxonomy":"post_tag","embeddable":true,"href":"https:\/\/spotdata.pl\/blog\/wp-json\/wp\/v2\/tags?post=769"}],"curies":[{"name":"wp","href":"https:\/\/api.w.org\/{rel}","templated":true}]}}