{"id":2075,"date":"2020-10-29T09:12:18","date_gmt":"2020-10-29T08:12:18","guid":{"rendered":"https:\/\/spotdata.pl\/blog\/?p=2075"},"modified":"2020-10-29T09:12:18","modified_gmt":"2020-10-29T08:12:18","slug":"europa-szykuje-sie-do-twardych-restrykcji","status":"publish","type":"post","link":"https:\/\/spotdata.pl\/blog\/2020\/10\/29\/europa-szykuje-sie-do-twardych-restrykcji\/","title":{"rendered":"Europa szykuje si\u0119 do twardych restrykcji"},"content":{"rendered":"<p style=\"text-align: justify;\">Kraje europejskie szykuj\u0105 si\u0119 do wprowadzenia twardych restrykcji w aktywno\u015bci spo\u0142ecznej, poniewa\u017c ich systemy szpitalne nie s\u0105 w stanie wytrzyma\u0107 fali pacjent\u00f3w z COVID-19. Listopad up\u0142ynie zatem prawdopodobnie pod znakiem bardzo znacz\u0105cego ograniczenia aktywno\u015bci gospodarczej. G\u0142\u00f3wne pytanie jest teraz takie, czy uda si\u0119 pod\u0105\u017cy\u0107 \u015bcie\u017ck\u0105 Izraela i gwa\u0142townie ograniczy\u0107 fal\u0119 epidemii w ci\u0105gu ok. 3 tygodni, czy te\u017c b\u0119dzie trwa\u0142o to d\u0142u\u017cej?<\/p>\n<p style=\"text-align: justify;\"><strong>W Czechach jest ju\u017c wi\u0119cej pacjent\u00f3w z COVID-19 w przeliczeniu na milion mieszka\u0144c\u00f3w ni\u017c we W\u0142oszech w szczycie pierwszej, wiosennej fali. Polska i W\u0119gry pod\u0105\u017caj\u0105 bardzo podobn\u0105 \u015bcie\u017ck\u0105.<\/strong>\u00a0Je\u017celi w Polsce utrzyma si\u0119 \u015bredni dzienny przyrost pacjent\u00f3w na poziomie 5 proc., w\u00f3wczas pod koniec pierwszego tygodnia listopada osi\u0105gniemy dzisiejszy poziom Czech.<\/p>\n<p style=\"text-align: justify;\">Polski rz\u0105d informuje, \u017ce dla pacjent\u00f3w przygotowanych jest 20 tys. \u0142\u00f3\u017cek, a kolejne 15 tys. jest w przygotowaniu. Czyli w kr\u00f3tkim okresie jeste\u015bmy w stanie przyj\u0105\u0107 35 tys. pacjent\u00f3w. Obecnie mamy ich ok. 14 tys.<\/p>\n<p style=\"text-align: justify;\">Ostateczna wielko\u015b\u0107 zasob\u00f3w fizycznych jest zapewne jeszcze troch\u0119 wi\u0119ksza, ale trzeba pami\u0119ta\u0107 o dw\u00f3ch czynnikach: epidemia nie rozk\u0142ada si\u0119 r\u00f3wno po kraju, tylko dotyka wybrane regionu du\u017co mocniej ni\u017c inne; a poza tym w Polska cierpi na braki kadrowe \u2013 liczba lekarzy w relacji do populacji jest w Polsce niemal dwukrotnie mniejsza ni\u017c w Czechach. Dlatego je\u017celi przeliczy si\u0119 liczb\u0119 pacjent\u00f3w na liczb\u0119 lekarzy, to w Polsce jest ich ju\u017c dzi\u015b wi\u0119cej ni\u017c w Czechach dzi\u015b i wi\u0119cej ni\u017c we W\u0142oszech w pierwszej fali.<\/p>\n<p style=\"text-align: justify;\">Wydaje si\u0119, \u017ce z tego powodu kwestia restrykcji nie jest kwesti\u0105 wyboru.\u00a0<strong>Trudno mi sobie wyobrazi\u0107 rz\u0105d, kt\u00f3ry decyduje si\u0119 podj\u0105\u0107 ryzyko ca\u0142kowitego zatkania systemu szpitalnego.<\/strong>\u00a0Podejrzewam, \u017ce czeka nas co\u015b, co zwyk\u0142o si\u0119 nazywa\u0107 \u201etwardym lockdownem\u201d. A inne kraje pod\u0105\u017caj\u0105 podobn\u0105 \u015bcie\u017ck\u0105. Dynamika hospitalizacji we W\u0142oszech czy Francji jest jeszcze wy\u017csza ni\u017c w Polsce. Niemcy radz\u0105 sobie lepiej (cho\u0107 nie ma dok\u0142adnych danych o cz\u0119stotliwo\u015bci dziennej), ale te\u017c rozwa\u017caj\u0105 wprowadzenie do\u015b\u0107 ostrych restrykcji.<\/p>\n<p style=\"text-align: justify;\">Pytanie, jak skuteczne b\u0119d\u0105 te restrykcje i ile b\u0119d\u0105 trwa\u0142y? Na wiosn\u0119 najsilniejsze restrykcje trwa\u0142y \u015brednio ok. 2 miesi\u0119cy. To by oznacza\u0142o, \u017ce teraz b\u0119d\u0105 trwa\u0142y do ko\u0144ca roku. Jednak analizuj\u0105c do\u015bwiadczenia innych kraj\u00f3w mo\u017cna dostrzec, \u017ce drugi lockdown jest skuteczniejszy ni\u017c pierwszy. Na przyk\u0142ad, Izrael wprowadzi\u0142 obostrzenia w ruchu ludno\u015bci w drugiej po\u0142owie wrze\u015bnia i ju\u017c w po\u0142owie pa\u017adziernika wida\u0107 by\u0142o wyra\u017ane efekty. Mo\u017ce wynika\u0107 to z faktu, \u017ce szybko\u015b\u0107 transmisji wirusa dzi\u015b jest mniejsza ni\u017c w marcu, u progu epidemii. Ludzie s\u0105 generalnie ostro\u017cniejsi, w wielu miejscach od dawna funkcjonuj\u0105 obostrzenia sanitarne. Wska\u017anik reprodukcji (licz\u0105cy ile os\u00f3b zara\u017ca \u015brednio jeden zainfekowany) wynosi dzi\u015b w wielu krajach ok. 1,5, podczas gdy na wiosn\u0119 zwykle przekracza\u0142 3.<\/p>\n<p style=\"text-align: justify;\">Z drugiej strony, warunki pogodowe w Izraelu s\u0105 zupe\u0142nie inne ni\u017c dzi\u015b w Europie. Nie mo\u017cna wi\u0119c nadu\u017cywa\u0107 tego por\u00f3wnania. Pozostaje nam czeka\u0107.<\/p>\n<p><img loading=\"lazy\" decoding=\"async\" class=\"alignnone size-full wp-image-2076\" src=\"https:\/\/spotdata.pl\/blog\/wp-content\/uploads\/2020\/10\/2020-10-29-covi1.png\" alt=\"\" width=\"600\" height=\"260\" srcset=\"https:\/\/spotdata.pl\/blog\/wp-content\/uploads\/2020\/10\/2020-10-29-covi1.png 600w, https:\/\/spotdata.pl\/blog\/wp-content\/uploads\/2020\/10\/2020-10-29-covi1-300x130.png 300w\" sizes=\"(max-width: 600px) 100vw, 600px\" \/> <img loading=\"lazy\" decoding=\"async\" class=\"alignnone size-full wp-image-2077\" src=\"https:\/\/spotdata.pl\/blog\/wp-content\/uploads\/2020\/10\/2020-10-29-covid2.png\" alt=\"\" width=\"600\" height=\"260\" srcset=\"https:\/\/spotdata.pl\/blog\/wp-content\/uploads\/2020\/10\/2020-10-29-covid2.png 600w, https:\/\/spotdata.pl\/blog\/wp-content\/uploads\/2020\/10\/2020-10-29-covid2-300x130.png 300w\" sizes=\"(max-width: 600px) 100vw, 600px\" \/><\/p>\n<p><a href=\"https:\/\/oferta.pb.pl\/pb_forecast_makro\" target=\"_blank\" rel=\"noopener\"><img loading=\"lazy\" decoding=\"async\" class=\"alignnone\" src=\"https:\/\/ci4.googleusercontent.com\/proxy\/q8FSkvZv9h1ytY9R-DAnsUxFNEU8N4vD41mskzmXOqpdwbii4bOIuoO5-tU9sK44dYADNZBdZ6vlkeZmbNKjrd5PAw4JF4zqQKY74KwHHYnvusSbbVDsHRJOe-f2NE0ED4X4Lc5xql12vFmNbcPXRqvlkK2wT3moejnI=s0-d-e1-ft#https:\/\/s3-eu-west-1.amazonaws.com\/salesmanagoimg\/en2eym7pqp9kfwsq\/pgmgapee4kt1zmqs\/z160uriansc1njwh.jpg\" alt=\"PB Forecast\" width=\"640\" height=\"171\" \/><\/a><\/p>\n<p style=\"text-align: justify;\"><em>Powy\u017cszy tekst pochodzi z newslettera Dane Dnia prowadzonego przez Ignacego Morawskiego, dyrektora centrum analiz SpotData. Chcesz codziennie takie informacje na swoj\u0105 skrzynk\u0119?\u00a0<span style=\"text-decoration: underline; color: #ff6600;\"><a style=\"font-size: 17px; color: #ff6600; text-decoration: underline;\" href=\"http:\/\/newsletter.spotdata.pl\/\" target=\"_blank\" rel=\"noopener\">Zapisz si\u0119 na newsletter SpotData<\/a>.<\/span><\/em><\/p>\n<p>O Autorze:<\/p>\n<table>\n<tbody>\n<tr>\n<td style=\"width: 58.6094px;\"><img decoding=\"async\" class=\"CToWUd alignleft\" src=\"https:\/\/ci4.googleusercontent.com\/proxy\/bF44Xw7J-fMHWNk_-Bsh__Tl0aT5YgEmdMAP4cIN2Ew1ibEV5HeZiT2iyDxM9Q_QDBuwQ4uYZBhYOEpoQEwjesJ3mQv0CG_nWrsQJuxZVs_-HC7iPPhjmcmJC3QU0Bbspk063dhhTJ_tmGhoRg_BIcjDCK8q0eyuicTE=s0-d-e1-ft#https:\/\/s3-eu-west-1.amazonaws.com\/salesmanagoimg\/en2eym7pqp9kfwsq\/pgmgapee4kt1zmqs\/xxdpauc8ju617j1z.png\" alt=\"Ignacy Morawski\" width=\"114\" \/><\/td>\n<td style=\"width: 505.609px;\">\n<p style=\"text-align: center;\"><span style=\"font-size: 24px;\"><strong>Ignacy Morawski<\/strong><span style=\"font-size: 16px;\">,<\/span><\/span>\u00a0dyrektor centrum analiz\u00a0SpotData<\/p>\n<div class=\"row team\">\n<div class=\"col-md-20 col-sm-14 col-xs-18 txt\" style=\"text-align: justify;\">Ignacy Morawski jest pomys\u0142odawc\u0105 projektu i szefem zespo\u0142u SpotData. Przez wiele lat pracowa\u0142 w sektorze bankowym (WestLB, Polski Bank Przedsi\u0119biorczo\u015bci), gdzie pe\u0142ni\u0142 rol\u0119 g\u0142\u00f3wnego ekonomisty. W latach 2012-16 zdoby\u0142 wiele wyr\u00f3\u017cnie\u0144 w licznych rankingach, zajmuj\u0105c m.in. dwukrotnie miejsce na podium konkursu na najlepszego analityka makroekonomicznego organizowanego przez &#8222;Rzeczpospolit\u0105&#8221; i Narodowy Bank Polski. W 2017 roku znalaz\u0142 si\u0119 na li\u015bcie New Europe 100, wyr\u00f3\u017cniaj\u0105cej najbardziej innowacyjne osoby Europy \u015arodkowej, publikowanej przez &#8222;Financial Times&#8221;. Absolwent ekonomii na Uniwersytecie Bocconi w Mediolanie i nauk politycznych na Uniwersytecie Warszawskim.<\/div>\n<\/div>\n<div class=\"row team\">\n<div class=\"col-md-4 col-sm-10 col-xs-6\"><\/div>\n<\/div>\n<\/td>\n<\/tr>\n<\/tbody>\n<\/table>\n<p>&nbsp;<\/p>\n","protected":false},"excerpt":{"rendered":"<p>Kraje europejskie szykuj\u0105 si\u0119 do wprowadzenia twardych restrykcji w aktywno\u015bci spo\u0142ecznej, poniewa\u017c ich systemy szpitalne nie s\u0105 w stanie wytrzyma\u0107 fali pacjent\u00f3w z COVID-19. Listopad up\u0142ynie zatem prawdopodobnie pod znakiem bardzo znacz\u0105cego ograniczenia aktywno\u015bci gospodarczej. G\u0142\u00f3wne pytanie jest teraz takie, czy uda si\u0119 pod\u0105\u017cy\u0107 \u015bcie\u017ck\u0105 Izraela i gwa\u0142townie ograniczy\u0107 fal\u0119 epidemii w ci\u0105gu ok. 3 &hellip; <\/p>\n<p class=\"link-more\"><a href=\"https:\/\/spotdata.pl\/blog\/2020\/10\/29\/europa-szykuje-sie-do-twardych-restrykcji\/\" class=\"more-link\">Czytaj dalej<span class=\"screen-reader-text\"> Europa szykuje si\u0119 do twardych restrykcji<\/span><\/a><\/p>\n","protected":false},"author":2,"featured_media":2076,"comment_status":"closed","ping_status":"closed","sticky":false,"template":"","format":"standard","meta":{"footnotes":""},"categories":[1145],"tags":[165,1065,1022,76,6,959,87,10,962,961,1074,1071,1070,14,166,1110,243,33,1073,1024,1072],"class_list":["post-2075","post","type-post","status-publish","format-standard","has-post-thumbnail","hentry","category-koronawirus","tag-blog-ekonomiczny","tag-covid","tag-covid-19","tag-ekonomia","tag-eksport","tag-epidemia","tag-gospodarka","tag-inwestycje","tag-konsekwencje-koronawirusa","tag-koronawirus","tag-koronawirus-ekonomia","tag-kwarantanna","tag-kwarantanna-gospodarka","tag-pkb","tag-podaz-pieniadza","tag-prognozy-epidemia","tag-prognozy-gospodarcze","tag-rynek-pracy","tag-wirus","tag-wplyw-koronawirusa-na-gospodarke","tag-wplyw-kwarantanny-na-gospodarke","layout-default"],"yoast_head":"<!-- This site is optimized with the Yoast SEO plugin v23.4 - https:\/\/yoast.com\/wordpress\/plugins\/seo\/ -->\n<title>Europa szykuje si\u0119 do twardych restrykcji - SpotData - Blog<\/title>\n<meta name=\"robots\" content=\"index, follow, max-snippet:-1, max-image-preview:large, max-video-preview:-1\" \/>\n<link rel=\"canonical\" href=\"https:\/\/spotdata.pl\/blog\/2020\/10\/29\/europa-szykuje-sie-do-twardych-restrykcji\/\" \/>\n<meta property=\"og:locale\" content=\"pl_PL\" \/>\n<meta property=\"og:type\" content=\"article\" \/>\n<meta property=\"og:title\" content=\"Europa szykuje si\u0119 do twardych restrykcji - SpotData - Blog\" \/>\n<meta property=\"og:description\" content=\"Kraje europejskie szykuj\u0105 si\u0119 do wprowadzenia twardych restrykcji w aktywno\u015bci spo\u0142ecznej, poniewa\u017c ich systemy szpitalne nie s\u0105 w stanie wytrzyma\u0107 fali pacjent\u00f3w z COVID-19. Listopad up\u0142ynie zatem prawdopodobnie pod znakiem bardzo znacz\u0105cego ograniczenia aktywno\u015bci gospodarczej. G\u0142\u00f3wne pytanie jest teraz takie, czy uda si\u0119 pod\u0105\u017cy\u0107 \u015bcie\u017ck\u0105 Izraela i gwa\u0142townie ograniczy\u0107 fal\u0119 epidemii w ci\u0105gu ok. 3 &hellip; Czytaj dalej Europa szykuje si\u0119 do twardych restrykcji\" \/>\n<meta property=\"og:url\" content=\"https:\/\/spotdata.pl\/blog\/2020\/10\/29\/europa-szykuje-sie-do-twardych-restrykcji\/\" \/>\n<meta property=\"og:site_name\" content=\"SpotData - Blog\" \/>\n<meta property=\"article:published_time\" content=\"2020-10-29T08:12:18+00:00\" \/>\n<meta property=\"og:image\" content=\"https:\/\/spotdata.pl\/blog\/wp-content\/uploads\/2020\/10\/2020-10-29-covi1.png\" \/>\n\t<meta property=\"og:image:width\" content=\"600\" \/>\n\t<meta property=\"og:image:height\" content=\"260\" \/>\n\t<meta property=\"og:image:type\" content=\"image\/png\" \/>\n<meta name=\"author\" content=\"I M\" \/>\n<meta name=\"twitter:card\" content=\"summary_large_image\" \/>\n<meta name=\"twitter:label1\" content=\"Napisane przez\" \/>\n\t<meta name=\"twitter:data1\" content=\"I M\" \/>\n\t<meta name=\"twitter:label2\" content=\"Szacowany czas czytania\" \/>\n\t<meta name=\"twitter:data2\" content=\"3 minuty\" \/>\n<script type=\"application\/ld+json\" class=\"yoast-schema-graph\">{\"@context\":\"https:\/\/schema.org\",\"@graph\":[{\"@type\":\"WebPage\",\"@id\":\"https:\/\/spotdata.pl\/blog\/2020\/10\/29\/europa-szykuje-sie-do-twardych-restrykcji\/\",\"url\":\"https:\/\/spotdata.pl\/blog\/2020\/10\/29\/europa-szykuje-sie-do-twardych-restrykcji\/\",\"name\":\"Europa szykuje si\u0119 do twardych restrykcji - SpotData - Blog\",\"isPartOf\":{\"@id\":\"https:\/\/spotdata.pl\/blog\/#website\"},\"primaryImageOfPage\":{\"@id\":\"https:\/\/spotdata.pl\/blog\/2020\/10\/29\/europa-szykuje-sie-do-twardych-restrykcji\/#primaryimage\"},\"image\":{\"@id\":\"https:\/\/spotdata.pl\/blog\/2020\/10\/29\/europa-szykuje-sie-do-twardych-restrykcji\/#primaryimage\"},\"thumbnailUrl\":\"https:\/\/spotdata.pl\/blog\/wp-content\/uploads\/2020\/10\/2020-10-29-covi1.png\",\"datePublished\":\"2020-10-29T08:12:18+00:00\",\"dateModified\":\"2020-10-29T08:12:18+00:00\",\"author\":{\"@id\":\"https:\/\/spotdata.pl\/blog\/#\/schema\/person\/48fd006a74962b9a86ff5bba4b2ce239\"},\"breadcrumb\":{\"@id\":\"https:\/\/spotdata.pl\/blog\/2020\/10\/29\/europa-szykuje-sie-do-twardych-restrykcji\/#breadcrumb\"},\"inLanguage\":\"pl-PL\",\"potentialAction\":[{\"@type\":\"ReadAction\",\"target\":[\"https:\/\/spotdata.pl\/blog\/2020\/10\/29\/europa-szykuje-sie-do-twardych-restrykcji\/\"]}]},{\"@type\":\"ImageObject\",\"inLanguage\":\"pl-PL\",\"@id\":\"https:\/\/spotdata.pl\/blog\/2020\/10\/29\/europa-szykuje-sie-do-twardych-restrykcji\/#primaryimage\",\"url\":\"https:\/\/spotdata.pl\/blog\/wp-content\/uploads\/2020\/10\/2020-10-29-covi1.png\",\"contentUrl\":\"https:\/\/spotdata.pl\/blog\/wp-content\/uploads\/2020\/10\/2020-10-29-covi1.png\",\"width\":600,\"height\":260},{\"@type\":\"BreadcrumbList\",\"@id\":\"https:\/\/spotdata.pl\/blog\/2020\/10\/29\/europa-szykuje-sie-do-twardych-restrykcji\/#breadcrumb\",\"itemListElement\":[{\"@type\":\"ListItem\",\"position\":1,\"name\":\"Strona g\u0142\u00f3wna\",\"item\":\"https:\/\/spotdata.pl\/blog\/\"},{\"@type\":\"ListItem\",\"position\":2,\"name\":\"Europa szykuje si\u0119 do&nbsp;twardych restrykcji\"}]},{\"@type\":\"WebSite\",\"@id\":\"https:\/\/spotdata.pl\/blog\/#website\",\"url\":\"https:\/\/spotdata.pl\/blog\/\",\"name\":\"SpotData - Blog\",\"description\":\"\u0179r\u00f3d\u0142o wnikliwych analiz makroekonomicznych i bran\u017cowych.\",\"potentialAction\":[{\"@type\":\"SearchAction\",\"target\":{\"@type\":\"EntryPoint\",\"urlTemplate\":\"https:\/\/spotdata.pl\/blog\/?s={search_term_string}\"},\"query-input\":{\"@type\":\"PropertyValueSpecification\",\"valueRequired\":true,\"valueName\":\"search_term_string\"}}],\"inLanguage\":\"pl-PL\"},{\"@type\":\"Person\",\"@id\":\"https:\/\/spotdata.pl\/blog\/#\/schema\/person\/48fd006a74962b9a86ff5bba4b2ce239\",\"name\":\"I M\",\"image\":{\"@type\":\"ImageObject\",\"inLanguage\":\"pl-PL\",\"@id\":\"https:\/\/spotdata.pl\/blog\/#\/schema\/person\/image\/\",\"url\":\"https:\/\/secure.gravatar.com\/avatar\/c315bb1934ec26691dd14126e402c123?s=96&d=mm&r=g\",\"contentUrl\":\"https:\/\/secure.gravatar.com\/avatar\/c315bb1934ec26691dd14126e402c123?s=96&d=mm&r=g\",\"caption\":\"I M\"},\"url\":\"https:\/\/spotdata.pl\/blog\/author\/sdadmin\/\"}]}<\/script>\n<!-- \/ Yoast SEO plugin. -->","yoast_head_json":{"title":"Europa szykuje si\u0119 do twardych restrykcji - SpotData - Blog","robots":{"index":"index","follow":"follow","max-snippet":"max-snippet:-1","max-image-preview":"max-image-preview:large","max-video-preview":"max-video-preview:-1"},"canonical":"https:\/\/spotdata.pl\/blog\/2020\/10\/29\/europa-szykuje-sie-do-twardych-restrykcji\/","og_locale":"pl_PL","og_type":"article","og_title":"Europa szykuje si\u0119 do twardych restrykcji - SpotData - Blog","og_description":"Kraje europejskie szykuj\u0105 si\u0119 do wprowadzenia twardych restrykcji w aktywno\u015bci spo\u0142ecznej, poniewa\u017c ich systemy szpitalne nie s\u0105 w stanie wytrzyma\u0107 fali pacjent\u00f3w z COVID-19. Listopad up\u0142ynie zatem prawdopodobnie pod znakiem bardzo znacz\u0105cego ograniczenia aktywno\u015bci gospodarczej. G\u0142\u00f3wne pytanie jest teraz takie, czy uda si\u0119 pod\u0105\u017cy\u0107 \u015bcie\u017ck\u0105 Izraela i gwa\u0142townie ograniczy\u0107 fal\u0119 epidemii w ci\u0105gu ok. 3 &hellip; Czytaj dalej Europa szykuje si\u0119 do twardych restrykcji","og_url":"https:\/\/spotdata.pl\/blog\/2020\/10\/29\/europa-szykuje-sie-do-twardych-restrykcji\/","og_site_name":"SpotData - Blog","article_published_time":"2020-10-29T08:12:18+00:00","og_image":[{"width":600,"height":260,"url":"https:\/\/spotdata.pl\/blog\/wp-content\/uploads\/2020\/10\/2020-10-29-covi1.png","type":"image\/png"}],"author":"I M","twitter_card":"summary_large_image","twitter_misc":{"Napisane przez":"I M","Szacowany czas czytania":"3 minuty"},"schema":{"@context":"https:\/\/schema.org","@graph":[{"@type":"WebPage","@id":"https:\/\/spotdata.pl\/blog\/2020\/10\/29\/europa-szykuje-sie-do-twardych-restrykcji\/","url":"https:\/\/spotdata.pl\/blog\/2020\/10\/29\/europa-szykuje-sie-do-twardych-restrykcji\/","name":"Europa szykuje si\u0119 do twardych restrykcji - SpotData - Blog","isPartOf":{"@id":"https:\/\/spotdata.pl\/blog\/#website"},"primaryImageOfPage":{"@id":"https:\/\/spotdata.pl\/blog\/2020\/10\/29\/europa-szykuje-sie-do-twardych-restrykcji\/#primaryimage"},"image":{"@id":"https:\/\/spotdata.pl\/blog\/2020\/10\/29\/europa-szykuje-sie-do-twardych-restrykcji\/#primaryimage"},"thumbnailUrl":"https:\/\/spotdata.pl\/blog\/wp-content\/uploads\/2020\/10\/2020-10-29-covi1.png","datePublished":"2020-10-29T08:12:18+00:00","dateModified":"2020-10-29T08:12:18+00:00","author":{"@id":"https:\/\/spotdata.pl\/blog\/#\/schema\/person\/48fd006a74962b9a86ff5bba4b2ce239"},"breadcrumb":{"@id":"https:\/\/spotdata.pl\/blog\/2020\/10\/29\/europa-szykuje-sie-do-twardych-restrykcji\/#breadcrumb"},"inLanguage":"pl-PL","potentialAction":[{"@type":"ReadAction","target":["https:\/\/spotdata.pl\/blog\/2020\/10\/29\/europa-szykuje-sie-do-twardych-restrykcji\/"]}]},{"@type":"ImageObject","inLanguage":"pl-PL","@id":"https:\/\/spotdata.pl\/blog\/2020\/10\/29\/europa-szykuje-sie-do-twardych-restrykcji\/#primaryimage","url":"https:\/\/spotdata.pl\/blog\/wp-content\/uploads\/2020\/10\/2020-10-29-covi1.png","contentUrl":"https:\/\/spotdata.pl\/blog\/wp-content\/uploads\/2020\/10\/2020-10-29-covi1.png","width":600,"height":260},{"@type":"BreadcrumbList","@id":"https:\/\/spotdata.pl\/blog\/2020\/10\/29\/europa-szykuje-sie-do-twardych-restrykcji\/#breadcrumb","itemListElement":[{"@type":"ListItem","position":1,"name":"Strona g\u0142\u00f3wna","item":"https:\/\/spotdata.pl\/blog\/"},{"@type":"ListItem","position":2,"name":"Europa szykuje si\u0119 do&nbsp;twardych restrykcji"}]},{"@type":"WebSite","@id":"https:\/\/spotdata.pl\/blog\/#website","url":"https:\/\/spotdata.pl\/blog\/","name":"SpotData - Blog","description":"\u0179r\u00f3d\u0142o wnikliwych analiz makroekonomicznych i bran\u017cowych.","potentialAction":[{"@type":"SearchAction","target":{"@type":"EntryPoint","urlTemplate":"https:\/\/spotdata.pl\/blog\/?s={search_term_string}"},"query-input":{"@type":"PropertyValueSpecification","valueRequired":true,"valueName":"search_term_string"}}],"inLanguage":"pl-PL"},{"@type":"Person","@id":"https:\/\/spotdata.pl\/blog\/#\/schema\/person\/48fd006a74962b9a86ff5bba4b2ce239","name":"I M","image":{"@type":"ImageObject","inLanguage":"pl-PL","@id":"https:\/\/spotdata.pl\/blog\/#\/schema\/person\/image\/","url":"https:\/\/secure.gravatar.com\/avatar\/c315bb1934ec26691dd14126e402c123?s=96&d=mm&r=g","contentUrl":"https:\/\/secure.gravatar.com\/avatar\/c315bb1934ec26691dd14126e402c123?s=96&d=mm&r=g","caption":"I M"},"url":"https:\/\/spotdata.pl\/blog\/author\/sdadmin\/"}]}},"_links":{"self":[{"href":"https:\/\/spotdata.pl\/blog\/wp-json\/wp\/v2\/posts\/2075"}],"collection":[{"href":"https:\/\/spotdata.pl\/blog\/wp-json\/wp\/v2\/posts"}],"about":[{"href":"https:\/\/spotdata.pl\/blog\/wp-json\/wp\/v2\/types\/post"}],"author":[{"embeddable":true,"href":"https:\/\/spotdata.pl\/blog\/wp-json\/wp\/v2\/users\/2"}],"replies":[{"embeddable":true,"href":"https:\/\/spotdata.pl\/blog\/wp-json\/wp\/v2\/comments?post=2075"}],"version-history":[{"count":1,"href":"https:\/\/spotdata.pl\/blog\/wp-json\/wp\/v2\/posts\/2075\/revisions"}],"predecessor-version":[{"id":2078,"href":"https:\/\/spotdata.pl\/blog\/wp-json\/wp\/v2\/posts\/2075\/revisions\/2078"}],"wp:featuredmedia":[{"embeddable":true,"href":"https:\/\/spotdata.pl\/blog\/wp-json\/wp\/v2\/media\/2076"}],"wp:attachment":[{"href":"https:\/\/spotdata.pl\/blog\/wp-json\/wp\/v2\/media?parent=2075"}],"wp:term":[{"taxonomy":"category","embeddable":true,"href":"https:\/\/spotdata.pl\/blog\/wp-json\/wp\/v2\/categories?post=2075"},{"taxonomy":"post_tag","embeddable":true,"href":"https:\/\/spotdata.pl\/blog\/wp-json\/wp\/v2\/tags?post=2075"}],"curies":[{"name":"wp","href":"https:\/\/api.w.org\/{rel}","templated":true}]}}