{"id":2043,"date":"2020-10-15T09:40:34","date_gmt":"2020-10-15T07:40:34","guid":{"rendered":"https:\/\/spotdata.pl\/blog\/?p=2043"},"modified":"2020-10-15T09:40:34","modified_gmt":"2020-10-15T07:40:34","slug":"eksport-z-polski-mocny-ale-co-bedzie-dalej","status":"publish","type":"post","link":"https:\/\/spotdata.pl\/blog\/2020\/10\/15\/eksport-z-polski-mocny-ale-co-bedzie-dalej\/","title":{"rendered":"Eksport z Polski mocny. Ale co b\u0119dzie dalej?"},"content":{"rendered":"<p style=\"text-align: justify;\">Polski eksport towar\u00f3w poradzi\u0142 sobie w trakcie pierwszej fazy epidemii ca\u0142kiem nie\u017ale, co daje nadziej\u0119, \u017ce i w kolejnych miesi\u0105cach uda si\u0119 utrzyma\u0107 w miar\u0119 stabilny poziom sprzeda\u017cy zagranicznej. Spadku zapewne nie unikniemy, ale wydaje si\u0119, \u017ce w drug\u0105 fal\u0119 epidemii wchodzimy z mniejszymi obawami o ci\u0105g\u0142o\u015b\u0107 \u0142a\u0144cuch\u00f3w dostaw ni\u017c w pierwsz\u0105.<\/p>\n<p style=\"text-align: justify;\"><strong>W sierpniu ca\u0142y polski eksport towar\u00f3w by\u0142 o 0,8 proc. wy\u017cszy rok do roku. Fakt, \u017ce sprzeda\u017c jest wy\u017csza ni\u017c przed rokiem mo\u017cna uzna\u0107 za zjawisko zaskakuj\u0105co pozytywne w tak trudnych warunkach.<\/strong>\u00a0Przed epidemi\u0105 mo\u017cna by\u0142o oczekiwa\u0107 wzrostu polskiego eksportu o ok. 3 proc. latem 2020 roku, wi\u0119c obecna \u015bcie\u017cka jest ju\u017c niewiele ni\u017csza ni\u017c przedepidemiczny trend.<\/p>\n<p style=\"text-align: justify;\"><strong>Jest to sp\u00f3jne z sytuacj\u0105 w globalnym handlu, kt\u00f3ra jest znacznie lepsza od kwietniowych prognoz WTO (Mi\u0119dzynarodowa Organizacja Handlu). W kwietniu WTO prognozowa\u0142a, \u017ce \u015bwiatowy handel obni\u017cy si\u0119 w tym roku o 15-25 proc., tymczasem dynamika eksportu na \u015bwiecie wynosi ok. -10 proc.<\/strong><\/p>\n<p style=\"text-align: justify;\">Przed nami oczywi\u015bcie jeszcze wiele turbulencji, ale istotny jest fakt, \u017ce nie dosz\u0142o do za\u0142amania relacji handlowych. Je\u017celi druga fala epidemii nie b\u0119dzie znacznie mocniejsza ni\u017c pierwsza na \u015bwiecie, to reakcja eksportu nie powinna si\u0119 istotnie r\u00f3\u017cni\u0107, a mo\u017ce b\u0119dzie nawet mniejsza ni\u017c po pierwszym szoku.<\/p>\n<p style=\"text-align: justify;\">Szacuj\u0119, \u017ce w ci\u0105gu p\u00f3\u0142 roku trwania pandemii na \u015bwiecie, czyli od marca do sierpnia, eksport towar\u00f3w z Polski by\u0142 \u0142\u0105cznie o 11 proc. ni\u017cszy od wielko\u015bci, kt\u00f3r\u0105 mo\u017cna by\u0142o przewidywa\u0107 przed epidemi\u0105.\u00a0<strong>T\u0119 wielko\u015b\u0107, czyli 11 proc., uznaj\u0119 za dotychczasowy koszt epidemii. S\u0105dz\u0119, \u017ce kolejna fala, zimowa, mo\u017ce wi\u0105za\u0107 si\u0119 z nieco mniejszymi zaburzeniami, poniewa\u017c \u0142a\u0144cuchy dostaw s\u0105 ju\u017c nieco lepiej dostosowane, a radykalizm w ograniczeniach na granicach nie powinien by\u0107 tak du\u017cy jak na wiosn\u0119. Mniejszy powinien by\u0107 na przyk\u0142ad problem z fizycznym transportem towar\u00f3w.<\/strong><\/p>\n<p style=\"text-align: justify;\">Koszt epidemii licz\u0105c ca\u0142y 2020 rok b\u0119dzie wynosi\u0142 ok. 8 proc. \u2013 to b\u0119dzie r\u00f3\u017cnica mi\u0119dzy sprzeda\u017c\u0105 zagraniczn\u0105 oczekiwan\u0105 przed epidemi\u0105, a sprzeda\u017c\u0105 faktycznie zrealizowan\u0105. Przed epidemi\u0105 mo\u017cna by\u0142o oczekiwa\u0107 wzrostu eksportu o ok. 3 proc., a teraz spadku o ok. 5 proc.<\/p>\n<p style=\"text-align: justify;\">Dla oceny przysz\u0142o\u015bci polskiej gospodarki ta dotychczasowa relatywna odporno\u015b\u0107 eksportu jest bardzo wa\u017cna, poniewa\u017c rosn\u0105cy popyt zagraniczny to jeden z g\u0142\u00f3wnych czynnik\u00f3w decyduj\u0105cych o rozwoju Polski. Firma EY szacuje, \u017ce w ostatnich latach zdecydowana wi\u0119kszo\u015b\u0107 wzrostu popytu finalnego na produkowane w Polsce towary pochodzi\u0142a zza granicy \u2013 czy to po\u015brednio (bezpo\u015bredni eksport), czy po\u015brednio (dostawy dla eksporter\u00f3w, lub dostawc\u00f3w eksporter\u00f3w itd.). Trwa\u0142e za\u0142amanie w \u015bwiatowym handlu postawi\u0142oby polski model rozwojowy pod znakiem zapytania. Jest du\u017ca szansa, \u017ce tego unikniemy.<\/p>\n<p><img loading=\"lazy\" decoding=\"async\" class=\"alignnone size-full wp-image-2044\" src=\"https:\/\/spotdata.pl\/blog\/wp-content\/uploads\/2020\/10\/2020-10-15-eksport.png\" alt=\"\" width=\"600\" height=\"383\" srcset=\"https:\/\/spotdata.pl\/blog\/wp-content\/uploads\/2020\/10\/2020-10-15-eksport.png 600w, https:\/\/spotdata.pl\/blog\/wp-content\/uploads\/2020\/10\/2020-10-15-eksport-300x192.png 300w\" sizes=\"(max-width: 600px) 100vw, 600px\" \/><\/p>\n<p><a href=\"https:\/\/oferta.pb.pl\/pb_forecast_makro\" target=\"_blank\" rel=\"noopener\"><img loading=\"lazy\" decoding=\"async\" class=\"alignnone\" src=\"https:\/\/ci4.googleusercontent.com\/proxy\/q8FSkvZv9h1ytY9R-DAnsUxFNEU8N4vD41mskzmXOqpdwbii4bOIuoO5-tU9sK44dYADNZBdZ6vlkeZmbNKjrd5PAw4JF4zqQKY74KwHHYnvusSbbVDsHRJOe-f2NE0ED4X4Lc5xql12vFmNbcPXRqvlkK2wT3moejnI=s0-d-e1-ft#https:\/\/s3-eu-west-1.amazonaws.com\/salesmanagoimg\/en2eym7pqp9kfwsq\/pgmgapee4kt1zmqs\/z160uriansc1njwh.jpg\" alt=\"PB Forecast\" width=\"640\" height=\"171\" \/><\/a><\/p>\n<p style=\"text-align: justify;\"><em>Powy\u017cszy tekst pochodzi z newslettera Dane Dnia prowadzonego przez Ignacego Morawskiego, dyrektora centrum analiz SpotData. Chcesz codziennie takie informacje na swoj\u0105 skrzynk\u0119?\u00a0<span style=\"text-decoration: underline; color: #ff6600;\"><a style=\"font-size: 17px; color: #ff6600; text-decoration: underline;\" href=\"http:\/\/newsletter.spotdata.pl\/\" target=\"_blank\" rel=\"noopener\">Zapisz si\u0119 na newsletter SpotData<\/a>.<\/span><\/em><\/p>\n<p>O Autorze:<\/p>\n<table>\n<tbody>\n<tr>\n<td style=\"width: 58.6094px;\"><img decoding=\"async\" class=\"CToWUd alignleft\" src=\"https:\/\/ci4.googleusercontent.com\/proxy\/bF44Xw7J-fMHWNk_-Bsh__Tl0aT5YgEmdMAP4cIN2Ew1ibEV5HeZiT2iyDxM9Q_QDBuwQ4uYZBhYOEpoQEwjesJ3mQv0CG_nWrsQJuxZVs_-HC7iPPhjmcmJC3QU0Bbspk063dhhTJ_tmGhoRg_BIcjDCK8q0eyuicTE=s0-d-e1-ft#https:\/\/s3-eu-west-1.amazonaws.com\/salesmanagoimg\/en2eym7pqp9kfwsq\/pgmgapee4kt1zmqs\/xxdpauc8ju617j1z.png\" alt=\"Ignacy Morawski\" width=\"114\" \/><\/td>\n<td style=\"width: 505.609px;\">\n<p style=\"text-align: center;\"><span style=\"font-size: 24px;\"><strong>Ignacy Morawski<\/strong><span style=\"font-size: 16px;\">,<\/span><\/span>\u00a0dyrektor centrum analiz\u00a0SpotData<\/p>\n<div class=\"row team\">\n<div class=\"col-md-20 col-sm-14 col-xs-18 txt\" style=\"text-align: justify;\">Ignacy Morawski jest pomys\u0142odawc\u0105 projektu i szefem zespo\u0142u SpotData. Przez wiele lat pracowa\u0142 w sektorze bankowym (WestLB, Polski Bank Przedsi\u0119biorczo\u015bci), gdzie pe\u0142ni\u0142 rol\u0119 g\u0142\u00f3wnego ekonomisty. W latach 2012-16 zdoby\u0142 wiele wyr\u00f3\u017cnie\u0144 w licznych rankingach, zajmuj\u0105c m.in. dwukrotnie miejsce na podium konkursu na najlepszego analityka makroekonomicznego organizowanego przez &#8222;Rzeczpospolit\u0105&#8221; i Narodowy Bank Polski. W 2017 roku znalaz\u0142 si\u0119 na li\u015bcie New Europe 100, wyr\u00f3\u017cniaj\u0105cej najbardziej innowacyjne osoby Europy \u015arodkowej, publikowanej przez &#8222;Financial Times&#8221;. Absolwent ekonomii na Uniwersytecie Bocconi w Mediolanie i nauk politycznych na Uniwersytecie Warszawskim.<\/div>\n<\/div>\n<div class=\"row team\">\n<div class=\"col-md-4 col-sm-10 col-xs-6\"><\/div>\n<\/div>\n<\/td>\n<\/tr>\n<\/tbody>\n<\/table>\n<p>&nbsp;<\/p>\n","protected":false},"excerpt":{"rendered":"<p>Polski eksport towar\u00f3w poradzi\u0142 sobie w trakcie pierwszej fazy epidemii ca\u0142kiem nie\u017ale, co daje nadziej\u0119, \u017ce i w kolejnych miesi\u0105cach uda si\u0119 utrzyma\u0107 w miar\u0119 stabilny poziom sprzeda\u017cy zagranicznej. Spadku zapewne nie unikniemy, ale wydaje si\u0119, \u017ce w drug\u0105 fal\u0119 epidemii wchodzimy z mniejszymi obawami o ci\u0105g\u0142o\u015b\u0107 \u0142a\u0144cuch\u00f3w dostaw ni\u017c w pierwsz\u0105. W sierpniu ca\u0142y &hellip; <\/p>\n<p class=\"link-more\"><a href=\"https:\/\/spotdata.pl\/blog\/2020\/10\/15\/eksport-z-polski-mocny-ale-co-bedzie-dalej\/\" class=\"more-link\">Czytaj dalej<span class=\"screen-reader-text\"> Eksport z Polski mocny. Ale co b\u0119dzie dalej?<\/span><\/a><\/p>\n","protected":false},"author":2,"featured_media":2044,"comment_status":"closed","ping_status":"closed","sticky":false,"template":"","format":"standard","meta":{"footnotes":""},"categories":[1],"tags":[165,1065,1022,76,6,959,87,10,962,961,1074,1071,1070,14,166,1110,243,33,1073,1024,1072],"class_list":["post-2043","post","type-post","status-publish","format-standard","has-post-thumbnail","hentry","category-bez-kategorii","tag-blog-ekonomiczny","tag-covid","tag-covid-19","tag-ekonomia","tag-eksport","tag-epidemia","tag-gospodarka","tag-inwestycje","tag-konsekwencje-koronawirusa","tag-koronawirus","tag-koronawirus-ekonomia","tag-kwarantanna","tag-kwarantanna-gospodarka","tag-pkb","tag-podaz-pieniadza","tag-prognozy-epidemia","tag-prognozy-gospodarcze","tag-rynek-pracy","tag-wirus","tag-wplyw-koronawirusa-na-gospodarke","tag-wplyw-kwarantanny-na-gospodarke","layout-default"],"yoast_head":"<!-- This site is optimized with the Yoast SEO plugin v23.4 - https:\/\/yoast.com\/wordpress\/plugins\/seo\/ -->\n<title>Eksport z Polski mocny. Ale co b\u0119dzie dalej? - SpotData - Blog<\/title>\n<meta name=\"robots\" content=\"index, follow, max-snippet:-1, max-image-preview:large, max-video-preview:-1\" \/>\n<link rel=\"canonical\" href=\"https:\/\/spotdata.pl\/blog\/2020\/10\/15\/eksport-z-polski-mocny-ale-co-bedzie-dalej\/\" \/>\n<meta property=\"og:locale\" content=\"pl_PL\" \/>\n<meta property=\"og:type\" content=\"article\" \/>\n<meta property=\"og:title\" content=\"Eksport z Polski mocny. Ale co b\u0119dzie dalej? - SpotData - Blog\" \/>\n<meta property=\"og:description\" content=\"Polski eksport towar\u00f3w poradzi\u0142 sobie w trakcie pierwszej fazy epidemii ca\u0142kiem nie\u017ale, co daje nadziej\u0119, \u017ce i w kolejnych miesi\u0105cach uda si\u0119 utrzyma\u0107 w miar\u0119 stabilny poziom sprzeda\u017cy zagranicznej. Spadku zapewne nie unikniemy, ale wydaje si\u0119, \u017ce w drug\u0105 fal\u0119 epidemii wchodzimy z mniejszymi obawami o ci\u0105g\u0142o\u015b\u0107 \u0142a\u0144cuch\u00f3w dostaw ni\u017c w pierwsz\u0105. W sierpniu ca\u0142y &hellip; Czytaj dalej Eksport z Polski mocny. Ale co b\u0119dzie dalej?\" \/>\n<meta property=\"og:url\" content=\"https:\/\/spotdata.pl\/blog\/2020\/10\/15\/eksport-z-polski-mocny-ale-co-bedzie-dalej\/\" \/>\n<meta property=\"og:site_name\" content=\"SpotData - Blog\" \/>\n<meta property=\"article:published_time\" content=\"2020-10-15T07:40:34+00:00\" \/>\n<meta property=\"og:image\" content=\"https:\/\/spotdata.pl\/blog\/wp-content\/uploads\/2020\/10\/2020-10-15-eksport.png\" \/>\n\t<meta property=\"og:image:width\" content=\"600\" \/>\n\t<meta property=\"og:image:height\" content=\"383\" \/>\n\t<meta property=\"og:image:type\" content=\"image\/png\" \/>\n<meta name=\"author\" content=\"I M\" \/>\n<meta name=\"twitter:card\" content=\"summary_large_image\" \/>\n<meta name=\"twitter:label1\" content=\"Napisane przez\" \/>\n\t<meta name=\"twitter:data1\" content=\"I M\" \/>\n\t<meta name=\"twitter:label2\" content=\"Szacowany czas czytania\" \/>\n\t<meta name=\"twitter:data2\" content=\"3 minuty\" \/>\n<script type=\"application\/ld+json\" class=\"yoast-schema-graph\">{\"@context\":\"https:\/\/schema.org\",\"@graph\":[{\"@type\":\"WebPage\",\"@id\":\"https:\/\/spotdata.pl\/blog\/2020\/10\/15\/eksport-z-polski-mocny-ale-co-bedzie-dalej\/\",\"url\":\"https:\/\/spotdata.pl\/blog\/2020\/10\/15\/eksport-z-polski-mocny-ale-co-bedzie-dalej\/\",\"name\":\"Eksport z Polski mocny. Ale co b\u0119dzie dalej? - SpotData - Blog\",\"isPartOf\":{\"@id\":\"https:\/\/spotdata.pl\/blog\/#website\"},\"primaryImageOfPage\":{\"@id\":\"https:\/\/spotdata.pl\/blog\/2020\/10\/15\/eksport-z-polski-mocny-ale-co-bedzie-dalej\/#primaryimage\"},\"image\":{\"@id\":\"https:\/\/spotdata.pl\/blog\/2020\/10\/15\/eksport-z-polski-mocny-ale-co-bedzie-dalej\/#primaryimage\"},\"thumbnailUrl\":\"https:\/\/spotdata.pl\/blog\/wp-content\/uploads\/2020\/10\/2020-10-15-eksport.png\",\"datePublished\":\"2020-10-15T07:40:34+00:00\",\"dateModified\":\"2020-10-15T07:40:34+00:00\",\"author\":{\"@id\":\"https:\/\/spotdata.pl\/blog\/#\/schema\/person\/48fd006a74962b9a86ff5bba4b2ce239\"},\"breadcrumb\":{\"@id\":\"https:\/\/spotdata.pl\/blog\/2020\/10\/15\/eksport-z-polski-mocny-ale-co-bedzie-dalej\/#breadcrumb\"},\"inLanguage\":\"pl-PL\",\"potentialAction\":[{\"@type\":\"ReadAction\",\"target\":[\"https:\/\/spotdata.pl\/blog\/2020\/10\/15\/eksport-z-polski-mocny-ale-co-bedzie-dalej\/\"]}]},{\"@type\":\"ImageObject\",\"inLanguage\":\"pl-PL\",\"@id\":\"https:\/\/spotdata.pl\/blog\/2020\/10\/15\/eksport-z-polski-mocny-ale-co-bedzie-dalej\/#primaryimage\",\"url\":\"https:\/\/spotdata.pl\/blog\/wp-content\/uploads\/2020\/10\/2020-10-15-eksport.png\",\"contentUrl\":\"https:\/\/spotdata.pl\/blog\/wp-content\/uploads\/2020\/10\/2020-10-15-eksport.png\",\"width\":600,\"height\":383},{\"@type\":\"BreadcrumbList\",\"@id\":\"https:\/\/spotdata.pl\/blog\/2020\/10\/15\/eksport-z-polski-mocny-ale-co-bedzie-dalej\/#breadcrumb\",\"itemListElement\":[{\"@type\":\"ListItem\",\"position\":1,\"name\":\"Strona g\u0142\u00f3wna\",\"item\":\"https:\/\/spotdata.pl\/blog\/\"},{\"@type\":\"ListItem\",\"position\":2,\"name\":\"Eksport z&nbsp;Polski mocny. Ale&nbsp;co b\u0119dzie dalej?\"}]},{\"@type\":\"WebSite\",\"@id\":\"https:\/\/spotdata.pl\/blog\/#website\",\"url\":\"https:\/\/spotdata.pl\/blog\/\",\"name\":\"SpotData - Blog\",\"description\":\"\u0179r\u00f3d\u0142o wnikliwych analiz makroekonomicznych i bran\u017cowych.\",\"potentialAction\":[{\"@type\":\"SearchAction\",\"target\":{\"@type\":\"EntryPoint\",\"urlTemplate\":\"https:\/\/spotdata.pl\/blog\/?s={search_term_string}\"},\"query-input\":{\"@type\":\"PropertyValueSpecification\",\"valueRequired\":true,\"valueName\":\"search_term_string\"}}],\"inLanguage\":\"pl-PL\"},{\"@type\":\"Person\",\"@id\":\"https:\/\/spotdata.pl\/blog\/#\/schema\/person\/48fd006a74962b9a86ff5bba4b2ce239\",\"name\":\"I M\",\"image\":{\"@type\":\"ImageObject\",\"inLanguage\":\"pl-PL\",\"@id\":\"https:\/\/spotdata.pl\/blog\/#\/schema\/person\/image\/\",\"url\":\"https:\/\/secure.gravatar.com\/avatar\/c315bb1934ec26691dd14126e402c123?s=96&d=mm&r=g\",\"contentUrl\":\"https:\/\/secure.gravatar.com\/avatar\/c315bb1934ec26691dd14126e402c123?s=96&d=mm&r=g\",\"caption\":\"I M\"},\"url\":\"https:\/\/spotdata.pl\/blog\/author\/sdadmin\/\"}]}<\/script>\n<!-- \/ Yoast SEO plugin. -->","yoast_head_json":{"title":"Eksport z Polski mocny. Ale co b\u0119dzie dalej? - SpotData - Blog","robots":{"index":"index","follow":"follow","max-snippet":"max-snippet:-1","max-image-preview":"max-image-preview:large","max-video-preview":"max-video-preview:-1"},"canonical":"https:\/\/spotdata.pl\/blog\/2020\/10\/15\/eksport-z-polski-mocny-ale-co-bedzie-dalej\/","og_locale":"pl_PL","og_type":"article","og_title":"Eksport z Polski mocny. Ale co b\u0119dzie dalej? - SpotData - Blog","og_description":"Polski eksport towar\u00f3w poradzi\u0142 sobie w trakcie pierwszej fazy epidemii ca\u0142kiem nie\u017ale, co daje nadziej\u0119, \u017ce i w kolejnych miesi\u0105cach uda si\u0119 utrzyma\u0107 w miar\u0119 stabilny poziom sprzeda\u017cy zagranicznej. Spadku zapewne nie unikniemy, ale wydaje si\u0119, \u017ce w drug\u0105 fal\u0119 epidemii wchodzimy z mniejszymi obawami o ci\u0105g\u0142o\u015b\u0107 \u0142a\u0144cuch\u00f3w dostaw ni\u017c w pierwsz\u0105. W sierpniu ca\u0142y &hellip; Czytaj dalej Eksport z Polski mocny. Ale co b\u0119dzie dalej?","og_url":"https:\/\/spotdata.pl\/blog\/2020\/10\/15\/eksport-z-polski-mocny-ale-co-bedzie-dalej\/","og_site_name":"SpotData - Blog","article_published_time":"2020-10-15T07:40:34+00:00","og_image":[{"width":600,"height":383,"url":"https:\/\/spotdata.pl\/blog\/wp-content\/uploads\/2020\/10\/2020-10-15-eksport.png","type":"image\/png"}],"author":"I M","twitter_card":"summary_large_image","twitter_misc":{"Napisane przez":"I M","Szacowany czas czytania":"3 minuty"},"schema":{"@context":"https:\/\/schema.org","@graph":[{"@type":"WebPage","@id":"https:\/\/spotdata.pl\/blog\/2020\/10\/15\/eksport-z-polski-mocny-ale-co-bedzie-dalej\/","url":"https:\/\/spotdata.pl\/blog\/2020\/10\/15\/eksport-z-polski-mocny-ale-co-bedzie-dalej\/","name":"Eksport z Polski mocny. Ale co b\u0119dzie dalej? - SpotData - Blog","isPartOf":{"@id":"https:\/\/spotdata.pl\/blog\/#website"},"primaryImageOfPage":{"@id":"https:\/\/spotdata.pl\/blog\/2020\/10\/15\/eksport-z-polski-mocny-ale-co-bedzie-dalej\/#primaryimage"},"image":{"@id":"https:\/\/spotdata.pl\/blog\/2020\/10\/15\/eksport-z-polski-mocny-ale-co-bedzie-dalej\/#primaryimage"},"thumbnailUrl":"https:\/\/spotdata.pl\/blog\/wp-content\/uploads\/2020\/10\/2020-10-15-eksport.png","datePublished":"2020-10-15T07:40:34+00:00","dateModified":"2020-10-15T07:40:34+00:00","author":{"@id":"https:\/\/spotdata.pl\/blog\/#\/schema\/person\/48fd006a74962b9a86ff5bba4b2ce239"},"breadcrumb":{"@id":"https:\/\/spotdata.pl\/blog\/2020\/10\/15\/eksport-z-polski-mocny-ale-co-bedzie-dalej\/#breadcrumb"},"inLanguage":"pl-PL","potentialAction":[{"@type":"ReadAction","target":["https:\/\/spotdata.pl\/blog\/2020\/10\/15\/eksport-z-polski-mocny-ale-co-bedzie-dalej\/"]}]},{"@type":"ImageObject","inLanguage":"pl-PL","@id":"https:\/\/spotdata.pl\/blog\/2020\/10\/15\/eksport-z-polski-mocny-ale-co-bedzie-dalej\/#primaryimage","url":"https:\/\/spotdata.pl\/blog\/wp-content\/uploads\/2020\/10\/2020-10-15-eksport.png","contentUrl":"https:\/\/spotdata.pl\/blog\/wp-content\/uploads\/2020\/10\/2020-10-15-eksport.png","width":600,"height":383},{"@type":"BreadcrumbList","@id":"https:\/\/spotdata.pl\/blog\/2020\/10\/15\/eksport-z-polski-mocny-ale-co-bedzie-dalej\/#breadcrumb","itemListElement":[{"@type":"ListItem","position":1,"name":"Strona g\u0142\u00f3wna","item":"https:\/\/spotdata.pl\/blog\/"},{"@type":"ListItem","position":2,"name":"Eksport z&nbsp;Polski mocny. Ale&nbsp;co b\u0119dzie dalej?"}]},{"@type":"WebSite","@id":"https:\/\/spotdata.pl\/blog\/#website","url":"https:\/\/spotdata.pl\/blog\/","name":"SpotData - Blog","description":"\u0179r\u00f3d\u0142o wnikliwych analiz makroekonomicznych i bran\u017cowych.","potentialAction":[{"@type":"SearchAction","target":{"@type":"EntryPoint","urlTemplate":"https:\/\/spotdata.pl\/blog\/?s={search_term_string}"},"query-input":{"@type":"PropertyValueSpecification","valueRequired":true,"valueName":"search_term_string"}}],"inLanguage":"pl-PL"},{"@type":"Person","@id":"https:\/\/spotdata.pl\/blog\/#\/schema\/person\/48fd006a74962b9a86ff5bba4b2ce239","name":"I M","image":{"@type":"ImageObject","inLanguage":"pl-PL","@id":"https:\/\/spotdata.pl\/blog\/#\/schema\/person\/image\/","url":"https:\/\/secure.gravatar.com\/avatar\/c315bb1934ec26691dd14126e402c123?s=96&d=mm&r=g","contentUrl":"https:\/\/secure.gravatar.com\/avatar\/c315bb1934ec26691dd14126e402c123?s=96&d=mm&r=g","caption":"I M"},"url":"https:\/\/spotdata.pl\/blog\/author\/sdadmin\/"}]}},"_links":{"self":[{"href":"https:\/\/spotdata.pl\/blog\/wp-json\/wp\/v2\/posts\/2043"}],"collection":[{"href":"https:\/\/spotdata.pl\/blog\/wp-json\/wp\/v2\/posts"}],"about":[{"href":"https:\/\/spotdata.pl\/blog\/wp-json\/wp\/v2\/types\/post"}],"author":[{"embeddable":true,"href":"https:\/\/spotdata.pl\/blog\/wp-json\/wp\/v2\/users\/2"}],"replies":[{"embeddable":true,"href":"https:\/\/spotdata.pl\/blog\/wp-json\/wp\/v2\/comments?post=2043"}],"version-history":[{"count":1,"href":"https:\/\/spotdata.pl\/blog\/wp-json\/wp\/v2\/posts\/2043\/revisions"}],"predecessor-version":[{"id":2045,"href":"https:\/\/spotdata.pl\/blog\/wp-json\/wp\/v2\/posts\/2043\/revisions\/2045"}],"wp:featuredmedia":[{"embeddable":true,"href":"https:\/\/spotdata.pl\/blog\/wp-json\/wp\/v2\/media\/2044"}],"wp:attachment":[{"href":"https:\/\/spotdata.pl\/blog\/wp-json\/wp\/v2\/media?parent=2043"}],"wp:term":[{"taxonomy":"category","embeddable":true,"href":"https:\/\/spotdata.pl\/blog\/wp-json\/wp\/v2\/categories?post=2043"},{"taxonomy":"post_tag","embeddable":true,"href":"https:\/\/spotdata.pl\/blog\/wp-json\/wp\/v2\/tags?post=2043"}],"curies":[{"name":"wp","href":"https:\/\/api.w.org\/{rel}","templated":true}]}}