{"id":1997,"date":"2020-09-28T08:18:36","date_gmt":"2020-09-28T06:18:36","guid":{"rendered":"https:\/\/spotdata.pl\/blog\/?p=1997"},"modified":"2020-09-28T08:18:36","modified_gmt":"2020-09-28T06:18:36","slug":"trzy-wazne-obserwacje-na-nowa-fale-epidemi","status":"publish","type":"post","link":"https:\/\/spotdata.pl\/blog\/2020\/09\/28\/trzy-wazne-obserwacje-na-nowa-fale-epidemi\/","title":{"rendered":"Trzy wa\u017cne obserwacje na now\u0105 fal\u0119 epidemi"},"content":{"rendered":"<p style=\"text-align: justify;\">Wchodzimy w jesienn\u0105 fal\u0119 epidemii koronawirusa, kt\u00f3ra nie jest zjawiskiem specjalnie zaskakuj\u0105cym bior\u0105c pod uwag\u0119 wcze\u015bniejsze projekcje epidemiologiczne. Wszyscy s\u0105 na ni\u0105 lepiej przygotowani \u2013 na pewno lekarze (to najwa\u017cniejsze), ale analitycy r\u00f3wnie\u017c (to nie takie bardzo wa\u017cne).\u00a0<strong>S\u0105 trzy zjawiska, kt\u00f3re moim zdaniem powinni\u015bmy uwa\u017cnie obserwowa\u0107, by na bie\u017c\u0105co weryfikowa\u0107 hipotez\u0119, \u017ce obecna fala b\u0119dzie dla gospodarki mniej bolesna ni\u017c pierwsza.<\/strong>\u00a0Na te trzy rzeczy mo\u017cna patrze\u0107 nieco inaczej ni\u017c na wiosn\u0119.<\/p>\n<p style=\"text-align: justify;\"><strong>Po pierwsze,\u00a0nale\u017cy skupia\u0107 si\u0119 w du\u017cej mierze na danych o hospitalizacjach i zgonach, a nie wy\u0142\u0105cznie nowych przypadkach.<\/strong>\u00a0Dzienne raportowane zaka\u017cenia przykuwaj\u0105 najwi\u0119cej uwagi w mediach, ale to nie one s\u0105 najwa\u017cniejsz\u0105 informacj\u0105. Uci\u0105\u017cliwo\u015b\u0107 epidemii nie wynika z tego, ile os\u00f3b zachoruje, ale z tego, czy system szpitalny wytrzyma i ile os\u00f3b straci \u017cycie. Hipoteza o lepszym przygotowaniu na jesienn\u0105 fal\u0119 opiera si\u0119 na przekonaniu, \u017ce nawet w warunkach wysokiej liczby zaka\u017ce\u0144 uci\u0105\u017cliwo\u015b\u0107 epidemii w jej epicentrach b\u0119dzie ni\u017csza.\u00a0Co wi\u0119cej, dane o dziennych zaka\u017ceniach s\u0105 niepor\u00f3wnywalne w czasie \u2013 zmienia si\u0119 liczba test\u00f3w, a jednocze\u015bnie, dzi\u0119ki post\u0119powi w metodach leczenia, zachorowanie na COVID-19 dzi\u015b ma inne konsekwencje ni\u017c na wiosn\u0119. Patrzmy wi\u0119c na hospitalizacje i zgony. Mamy ju\u017c znacznie wi\u0119cej baz danych ni\u017c na wiosn\u0119 i trendy w tych zmiennych mo\u017cna spokojnie \u015bledzi\u0107. A je\u017celi patrze\u0107 na nowe zaka\u017cenia, to g\u0142\u00f3wnie przez pryzmat ich relacji do liczby wykonywanych test\u00f3w.<\/p>\n<p style=\"text-align: justify;\">Co wynika z ostatnich danych?\u00a0<strong>W Polsce liczba hospitalizacji i zgon\u00f3w ro\u015bnie \u2013 to jest niepokoj\u0105ce zjawisko. Cho\u0107 pod wzgl\u0119dem hospitalizacji wci\u0105\u017c znajdujemy si\u0119 ok. 30 proc. poni\u017cej wiosennego szczytu<\/strong>, a w\u00f3wczas rz\u0105d informowa\u0142, \u017ce ob\u0142o\u017cenie szpitali nie jest wysokie. Mo\u017cna za\u0142o\u017cy\u0107, \u017ce mamy jeszcze margines bezpiecze\u0144stwa w kraju. Warto te\u017c zwr\u00f3ci\u0107 uwag\u0119 na fakt, \u017ce w krajach o du\u017cym zasi\u0119gu epidemii \u2013 jak Francja \u2013 przyrost hospitalizacji jest s\u0142abszy ni\u017c na wiosn\u0119: ok. 15 proc. tygodniowo, wobec 200 proc. tygodniowo w drugiej po\u0142owie marca.<\/p>\n<p style=\"text-align: justify;\"><strong>Po drugie,\u00a0warto zrezygnowa\u0107 ze s\u0142owa \u201elockdown\u201d w dyskusjach o reakcji rz\u0105d\u00f3w na now\u0105 fal\u0119 zaka\u017ce\u0144. To utrudnia zrozumienie sytuacji i jest ju\u017c w tym momencie niewiele znacz\u0105cym has\u0142em.<\/strong>\u00a0Mi\u0119dzy normalnym \u017cyciem a pe\u0142nym zamkni\u0119ciem w domach jest kontinuum mo\u017cliwo\u015bci. Wiele wskazuje, \u017ce jakie\u015b restrykcje jesieni\u0105 b\u0119d\u0105 potrzebne, ale wci\u0105\u017c wydaje si\u0119 ma\u0142o prawdopodobne, by ich zasi\u0119g by\u0142 tak du\u017cy jak na wiosn\u0119. Wiedza na temat wirusa jest dzi\u015b du\u017co wi\u0119ksza ni\u017c p\u00f3\u0142 roku temu i wiadomo, \u017ce przebywanie w otwartych przestrzeniach, komunikacji miejskiej czy sklepach niesie ni\u017csze ryzyko ni\u017c obawiano si\u0119 na samym pocz\u0105tku epidemii (<span style=\"text-decoration: underline;\"><a style=\"font-size: 17px;\" href=\"https:\/\/www.theguardian.com\/commentisfree\/2020\/sep\/21\/local-lockdowns-begin-no-normal-advice-live-with-covid\" target=\"_blank\" rel=\"noopener\">tu artyku\u0142 ekspercki na ten temat<\/a><\/span>). Nie trzeba zamyka\u0107 30 proc. aktywno\u015bci gospodarczej by ograniczy\u0107 zasi\u0119g epidemii. A je\u017celi restrykcje obejm\u0105 mniejsz\u0105 ilo\u015b\u0107 aktywno\u015bci, w\u00f3wczas \u0142atwiej b\u0119dzie pomaga\u0107 punktowo dotkni\u0119tym nimi bran\u017com.<\/p>\n<p>Jedna niewiadoma, kt\u00f3ra mo\u017ce pokrzy\u017cowa\u0107 te optymistyczne za\u0142o\u017cenia dotycz\u0105ce restrykcji, to sezonowo\u015b\u0107. Zupe\u0142nie nie wiadomo jak wirus b\u0119dzie si\u0119 zachowywa\u0142 w czasie zimy na p\u00f3\u0142kuli p\u00f3\u0142nocnej, kt\u00f3ra wygl\u0105da troch\u0119 inaczej ni\u017c zima na p\u00f3\u0142kuli po\u0142udniowej. Nie mo\u017cna\u00a0 zupe\u0142nie wykluczy\u0107, \u017ce efekty sezonowe b\u0119d\u0105 mocniejsze od oczekiwa\u0144.<\/p>\n<p style=\"text-align: justify;\"><strong>Po trzecie,\u00a0wiele wskazuje, \u017ce w\u015br\u00f3d przedsi\u0119biorstw nast\u0119puje adaptacja do nowych warunk\u00f3w i nowa fala epidemii nie wywo\u0142a ju\u017c takiego wstrz\u0105su organizacyjnego jak pierwsza. To jest hipoteza, kt\u00f3rej potwierdzenia lub odrzucenia b\u0119d\u0119 szuka\u0142 w danych o nastrojach firm.<\/strong>\u00a0Te dane na wiosn\u0119 by\u0142y prawie bezu\u017cyteczne, bo skala wstrz\u0105su uniemo\u017cliwia\u0142a jakiekolwiek historyczne por\u00f3wnania \u2013 odczyty wychodzi\u0142y poza dotychczasow\u0105 skal\u0119 waha\u0144. Teraz powinno by\u0107 du\u017co \u0142atwiej wyczyta\u0107 co\u015b z bada\u0144 o nastrojach.<\/p>\n<p>S\u0105dz\u0119, \u017ce wiedza o tym, i\u017c po pierwszej fali wr\u00f3ci\u0142o niemal normalne \u017cycie, powinna u\u0142atwi\u0107 przetrwanie drugiej fali. Zar\u00f3wno z biznesowego jak i psychologicznego punktu widzenia.<\/p>\n<p><img loading=\"lazy\" decoding=\"async\" class=\"alignnone size-full wp-image-1998\" src=\"https:\/\/spotdata.pl\/blog\/wp-content\/uploads\/2020\/09\/2020-09-28-covid1.png\" alt=\"\" width=\"600\" height=\"500\" srcset=\"https:\/\/spotdata.pl\/blog\/wp-content\/uploads\/2020\/09\/2020-09-28-covid1.png 600w, https:\/\/spotdata.pl\/blog\/wp-content\/uploads\/2020\/09\/2020-09-28-covid1-300x250.png 300w\" sizes=\"(max-width: 600px) 100vw, 600px\" \/> <img loading=\"lazy\" decoding=\"async\" class=\"alignnone size-full wp-image-1999\" src=\"https:\/\/spotdata.pl\/blog\/wp-content\/uploads\/2020\/09\/2020-09-28-covid2.png\" alt=\"\" width=\"600\" height=\"500\" srcset=\"https:\/\/spotdata.pl\/blog\/wp-content\/uploads\/2020\/09\/2020-09-28-covid2.png 600w, https:\/\/spotdata.pl\/blog\/wp-content\/uploads\/2020\/09\/2020-09-28-covid2-300x250.png 300w\" sizes=\"(max-width: 600px) 100vw, 600px\" \/><\/p>\n<p><a href=\"https:\/\/oferta.pb.pl\/pb_forecast_makro\" target=\"_blank\" rel=\"noopener\"><img loading=\"lazy\" decoding=\"async\" class=\"alignnone\" src=\"https:\/\/ci4.googleusercontent.com\/proxy\/q8FSkvZv9h1ytY9R-DAnsUxFNEU8N4vD41mskzmXOqpdwbii4bOIuoO5-tU9sK44dYADNZBdZ6vlkeZmbNKjrd5PAw4JF4zqQKY74KwHHYnvusSbbVDsHRJOe-f2NE0ED4X4Lc5xql12vFmNbcPXRqvlkK2wT3moejnI=s0-d-e1-ft#https:\/\/s3-eu-west-1.amazonaws.com\/salesmanagoimg\/en2eym7pqp9kfwsq\/pgmgapee4kt1zmqs\/z160uriansc1njwh.jpg\" alt=\"PB Forecast\" width=\"640\" height=\"171\" \/><\/a><\/p>\n<p style=\"text-align: justify;\"><em>Powy\u017cszy tekst pochodzi z newslettera Dane Dnia prowadzonego przez Ignacego Morawskiego, dyrektora centrum analiz SpotData. Chcesz codziennie takie informacje na swoj\u0105 skrzynk\u0119?\u00a0<span style=\"text-decoration: underline; color: #ff6600;\"><a style=\"font-size: 17px; color: #ff6600; text-decoration: underline;\" href=\"http:\/\/newsletter.spotdata.pl\/\" target=\"_blank\" rel=\"noopener\">Zapisz si\u0119 na newsletter SpotData<\/a>.<\/span><\/em><\/p>\n<p>O Autorze:<\/p>\n<table>\n<tbody>\n<tr>\n<td style=\"width: 58.6094px;\"><img decoding=\"async\" class=\"CToWUd alignleft\" src=\"https:\/\/ci4.googleusercontent.com\/proxy\/bF44Xw7J-fMHWNk_-Bsh__Tl0aT5YgEmdMAP4cIN2Ew1ibEV5HeZiT2iyDxM9Q_QDBuwQ4uYZBhYOEpoQEwjesJ3mQv0CG_nWrsQJuxZVs_-HC7iPPhjmcmJC3QU0Bbspk063dhhTJ_tmGhoRg_BIcjDCK8q0eyuicTE=s0-d-e1-ft#https:\/\/s3-eu-west-1.amazonaws.com\/salesmanagoimg\/en2eym7pqp9kfwsq\/pgmgapee4kt1zmqs\/xxdpauc8ju617j1z.png\" alt=\"Ignacy Morawski\" width=\"114\" \/><\/td>\n<td style=\"width: 505.609px;\">\n<p style=\"text-align: center;\"><span style=\"font-size: 24px;\"><strong>Ignacy Morawski<\/strong><span style=\"font-size: 16px;\">,<\/span><\/span>\u00a0dyrektor centrum analiz\u00a0SpotData<\/p>\n<div class=\"row team\">\n<div class=\"col-md-20 col-sm-14 col-xs-18 txt\" style=\"text-align: justify;\">Ignacy Morawski jest pomys\u0142odawc\u0105 projektu i szefem zespo\u0142u SpotData. Przez wiele lat pracowa\u0142 w sektorze bankowym (WestLB, Polski Bank Przedsi\u0119biorczo\u015bci), gdzie pe\u0142ni\u0142 rol\u0119 g\u0142\u00f3wnego ekonomisty. W latach 2012-16 zdoby\u0142 wiele wyr\u00f3\u017cnie\u0144 w licznych rankingach, zajmuj\u0105c m.in. dwukrotnie miejsce na podium konkursu na najlepszego analityka makroekonomicznego organizowanego przez &#8222;Rzeczpospolit\u0105&#8221; i Narodowy Bank Polski. W 2017 roku znalaz\u0142 si\u0119 na li\u015bcie New Europe 100, wyr\u00f3\u017cniaj\u0105cej najbardziej innowacyjne osoby Europy \u015arodkowej, publikowanej przez &#8222;Financial Times&#8221;. Absolwent ekonomii na Uniwersytecie Bocconi w Mediolanie i nauk politycznych na Uniwersytecie Warszawskim.<\/div>\n<\/div>\n<div class=\"row team\">\n<div class=\"col-md-4 col-sm-10 col-xs-6\"><\/div>\n<\/div>\n<\/td>\n<\/tr>\n<\/tbody>\n<\/table>\n<p>&nbsp;<\/p>\n<p>&nbsp;<\/p>\n<p>&nbsp;<\/p>\n","protected":false},"excerpt":{"rendered":"<p>Wchodzimy w jesienn\u0105 fal\u0119 epidemii koronawirusa, kt\u00f3ra nie jest zjawiskiem specjalnie zaskakuj\u0105cym bior\u0105c pod uwag\u0119 wcze\u015bniejsze projekcje epidemiologiczne. Wszyscy s\u0105 na ni\u0105 lepiej przygotowani \u2013 na pewno lekarze (to najwa\u017cniejsze), ale analitycy r\u00f3wnie\u017c (to nie takie bardzo wa\u017cne).\u00a0S\u0105 trzy zjawiska, kt\u00f3re moim zdaniem powinni\u015bmy uwa\u017cnie obserwowa\u0107, by na bie\u017c\u0105co weryfikowa\u0107 hipotez\u0119, \u017ce obecna fala b\u0119dzie &hellip; <\/p>\n<p class=\"link-more\"><a href=\"https:\/\/spotdata.pl\/blog\/2020\/09\/28\/trzy-wazne-obserwacje-na-nowa-fale-epidemi\/\" class=\"more-link\">Czytaj dalej<span class=\"screen-reader-text\"> Trzy wa\u017cne obserwacje na now\u0105 fal\u0119 epidemi<\/span><\/a><\/p>\n","protected":false},"author":2,"featured_media":1998,"comment_status":"closed","ping_status":"closed","sticky":false,"template":"","format":"standard","meta":{"footnotes":""},"categories":[1145,38],"tags":[165,1065,1022,76,6,959,87,10,962,961,1074,1071,1070,166,1110,243,33,1073,1024,1072],"class_list":["post-1997","post","type-post","status-publish","format-standard","has-post-thumbnail","hentry","category-koronawirus","category-makroekonomia","tag-blog-ekonomiczny","tag-covid","tag-covid-19","tag-ekonomia","tag-eksport","tag-epidemia","tag-gospodarka","tag-inwestycje","tag-konsekwencje-koronawirusa","tag-koronawirus","tag-koronawirus-ekonomia","tag-kwarantanna","tag-kwarantanna-gospodarka","tag-podaz-pieniadza","tag-prognozy-epidemia","tag-prognozy-gospodarcze","tag-rynek-pracy","tag-wirus","tag-wplyw-koronawirusa-na-gospodarke","tag-wplyw-kwarantanny-na-gospodarke","layout-default"],"yoast_head":"<!-- This site is optimized with the Yoast SEO plugin v23.4 - https:\/\/yoast.com\/wordpress\/plugins\/seo\/ -->\n<title>Trzy wa\u017cne obserwacje na now\u0105 fal\u0119 epidemi - SpotData - Blog<\/title>\n<meta name=\"robots\" content=\"index, follow, max-snippet:-1, max-image-preview:large, max-video-preview:-1\" \/>\n<link rel=\"canonical\" href=\"https:\/\/spotdata.pl\/blog\/2020\/09\/28\/trzy-wazne-obserwacje-na-nowa-fale-epidemi\/\" \/>\n<meta property=\"og:locale\" content=\"pl_PL\" \/>\n<meta property=\"og:type\" content=\"article\" \/>\n<meta property=\"og:title\" content=\"Trzy wa\u017cne obserwacje na now\u0105 fal\u0119 epidemi - SpotData - Blog\" \/>\n<meta property=\"og:description\" content=\"Wchodzimy w jesienn\u0105 fal\u0119 epidemii koronawirusa, kt\u00f3ra nie jest zjawiskiem specjalnie zaskakuj\u0105cym bior\u0105c pod uwag\u0119 wcze\u015bniejsze projekcje epidemiologiczne. Wszyscy s\u0105 na ni\u0105 lepiej przygotowani \u2013 na pewno lekarze (to najwa\u017cniejsze), ale analitycy r\u00f3wnie\u017c (to nie takie bardzo wa\u017cne).\u00a0S\u0105 trzy zjawiska, kt\u00f3re moim zdaniem powinni\u015bmy uwa\u017cnie obserwowa\u0107, by na bie\u017c\u0105co weryfikowa\u0107 hipotez\u0119, \u017ce obecna fala b\u0119dzie &hellip; Czytaj dalej Trzy wa\u017cne obserwacje na now\u0105 fal\u0119 epidemi\" \/>\n<meta property=\"og:url\" content=\"https:\/\/spotdata.pl\/blog\/2020\/09\/28\/trzy-wazne-obserwacje-na-nowa-fale-epidemi\/\" \/>\n<meta property=\"og:site_name\" content=\"SpotData - Blog\" \/>\n<meta property=\"article:published_time\" content=\"2020-09-28T06:18:36+00:00\" \/>\n<meta property=\"og:image\" content=\"https:\/\/spotdata.pl\/blog\/wp-content\/uploads\/2020\/09\/2020-09-28-covid1.png\" \/>\n\t<meta property=\"og:image:width\" content=\"600\" \/>\n\t<meta property=\"og:image:height\" content=\"500\" \/>\n\t<meta property=\"og:image:type\" content=\"image\/png\" \/>\n<meta name=\"author\" content=\"I M\" \/>\n<meta name=\"twitter:card\" content=\"summary_large_image\" \/>\n<meta name=\"twitter:label1\" content=\"Napisane przez\" \/>\n\t<meta name=\"twitter:data1\" content=\"I M\" \/>\n\t<meta name=\"twitter:label2\" content=\"Szacowany czas czytania\" \/>\n\t<meta name=\"twitter:data2\" content=\"4 minuty\" \/>\n<script type=\"application\/ld+json\" class=\"yoast-schema-graph\">{\"@context\":\"https:\/\/schema.org\",\"@graph\":[{\"@type\":\"WebPage\",\"@id\":\"https:\/\/spotdata.pl\/blog\/2020\/09\/28\/trzy-wazne-obserwacje-na-nowa-fale-epidemi\/\",\"url\":\"https:\/\/spotdata.pl\/blog\/2020\/09\/28\/trzy-wazne-obserwacje-na-nowa-fale-epidemi\/\",\"name\":\"Trzy wa\u017cne obserwacje na now\u0105 fal\u0119 epidemi - SpotData - Blog\",\"isPartOf\":{\"@id\":\"https:\/\/spotdata.pl\/blog\/#website\"},\"primaryImageOfPage\":{\"@id\":\"https:\/\/spotdata.pl\/blog\/2020\/09\/28\/trzy-wazne-obserwacje-na-nowa-fale-epidemi\/#primaryimage\"},\"image\":{\"@id\":\"https:\/\/spotdata.pl\/blog\/2020\/09\/28\/trzy-wazne-obserwacje-na-nowa-fale-epidemi\/#primaryimage\"},\"thumbnailUrl\":\"https:\/\/spotdata.pl\/blog\/wp-content\/uploads\/2020\/09\/2020-09-28-covid1.png\",\"datePublished\":\"2020-09-28T06:18:36+00:00\",\"dateModified\":\"2020-09-28T06:18:36+00:00\",\"author\":{\"@id\":\"https:\/\/spotdata.pl\/blog\/#\/schema\/person\/48fd006a74962b9a86ff5bba4b2ce239\"},\"breadcrumb\":{\"@id\":\"https:\/\/spotdata.pl\/blog\/2020\/09\/28\/trzy-wazne-obserwacje-na-nowa-fale-epidemi\/#breadcrumb\"},\"inLanguage\":\"pl-PL\",\"potentialAction\":[{\"@type\":\"ReadAction\",\"target\":[\"https:\/\/spotdata.pl\/blog\/2020\/09\/28\/trzy-wazne-obserwacje-na-nowa-fale-epidemi\/\"]}]},{\"@type\":\"ImageObject\",\"inLanguage\":\"pl-PL\",\"@id\":\"https:\/\/spotdata.pl\/blog\/2020\/09\/28\/trzy-wazne-obserwacje-na-nowa-fale-epidemi\/#primaryimage\",\"url\":\"https:\/\/spotdata.pl\/blog\/wp-content\/uploads\/2020\/09\/2020-09-28-covid1.png\",\"contentUrl\":\"https:\/\/spotdata.pl\/blog\/wp-content\/uploads\/2020\/09\/2020-09-28-covid1.png\",\"width\":600,\"height\":500},{\"@type\":\"BreadcrumbList\",\"@id\":\"https:\/\/spotdata.pl\/blog\/2020\/09\/28\/trzy-wazne-obserwacje-na-nowa-fale-epidemi\/#breadcrumb\",\"itemListElement\":[{\"@type\":\"ListItem\",\"position\":1,\"name\":\"Strona g\u0142\u00f3wna\",\"item\":\"https:\/\/spotdata.pl\/blog\/\"},{\"@type\":\"ListItem\",\"position\":2,\"name\":\"Trzy wa\u017cne obserwacje na&nbsp;now\u0105 fal\u0119 epidemi\"}]},{\"@type\":\"WebSite\",\"@id\":\"https:\/\/spotdata.pl\/blog\/#website\",\"url\":\"https:\/\/spotdata.pl\/blog\/\",\"name\":\"SpotData - Blog\",\"description\":\"\u0179r\u00f3d\u0142o wnikliwych analiz makroekonomicznych i bran\u017cowych.\",\"potentialAction\":[{\"@type\":\"SearchAction\",\"target\":{\"@type\":\"EntryPoint\",\"urlTemplate\":\"https:\/\/spotdata.pl\/blog\/?s={search_term_string}\"},\"query-input\":{\"@type\":\"PropertyValueSpecification\",\"valueRequired\":true,\"valueName\":\"search_term_string\"}}],\"inLanguage\":\"pl-PL\"},{\"@type\":\"Person\",\"@id\":\"https:\/\/spotdata.pl\/blog\/#\/schema\/person\/48fd006a74962b9a86ff5bba4b2ce239\",\"name\":\"I M\",\"image\":{\"@type\":\"ImageObject\",\"inLanguage\":\"pl-PL\",\"@id\":\"https:\/\/spotdata.pl\/blog\/#\/schema\/person\/image\/\",\"url\":\"https:\/\/secure.gravatar.com\/avatar\/c315bb1934ec26691dd14126e402c123?s=96&d=mm&r=g\",\"contentUrl\":\"https:\/\/secure.gravatar.com\/avatar\/c315bb1934ec26691dd14126e402c123?s=96&d=mm&r=g\",\"caption\":\"I M\"},\"url\":\"https:\/\/spotdata.pl\/blog\/author\/sdadmin\/\"}]}<\/script>\n<!-- \/ Yoast SEO plugin. -->","yoast_head_json":{"title":"Trzy wa\u017cne obserwacje na now\u0105 fal\u0119 epidemi - SpotData - Blog","robots":{"index":"index","follow":"follow","max-snippet":"max-snippet:-1","max-image-preview":"max-image-preview:large","max-video-preview":"max-video-preview:-1"},"canonical":"https:\/\/spotdata.pl\/blog\/2020\/09\/28\/trzy-wazne-obserwacje-na-nowa-fale-epidemi\/","og_locale":"pl_PL","og_type":"article","og_title":"Trzy wa\u017cne obserwacje na now\u0105 fal\u0119 epidemi - SpotData - Blog","og_description":"Wchodzimy w jesienn\u0105 fal\u0119 epidemii koronawirusa, kt\u00f3ra nie jest zjawiskiem specjalnie zaskakuj\u0105cym bior\u0105c pod uwag\u0119 wcze\u015bniejsze projekcje epidemiologiczne. Wszyscy s\u0105 na ni\u0105 lepiej przygotowani \u2013 na pewno lekarze (to najwa\u017cniejsze), ale analitycy r\u00f3wnie\u017c (to nie takie bardzo wa\u017cne).\u00a0S\u0105 trzy zjawiska, kt\u00f3re moim zdaniem powinni\u015bmy uwa\u017cnie obserwowa\u0107, by na bie\u017c\u0105co weryfikowa\u0107 hipotez\u0119, \u017ce obecna fala b\u0119dzie &hellip; Czytaj dalej Trzy wa\u017cne obserwacje na now\u0105 fal\u0119 epidemi","og_url":"https:\/\/spotdata.pl\/blog\/2020\/09\/28\/trzy-wazne-obserwacje-na-nowa-fale-epidemi\/","og_site_name":"SpotData - Blog","article_published_time":"2020-09-28T06:18:36+00:00","og_image":[{"width":600,"height":500,"url":"https:\/\/spotdata.pl\/blog\/wp-content\/uploads\/2020\/09\/2020-09-28-covid1.png","type":"image\/png"}],"author":"I M","twitter_card":"summary_large_image","twitter_misc":{"Napisane przez":"I M","Szacowany czas czytania":"4 minuty"},"schema":{"@context":"https:\/\/schema.org","@graph":[{"@type":"WebPage","@id":"https:\/\/spotdata.pl\/blog\/2020\/09\/28\/trzy-wazne-obserwacje-na-nowa-fale-epidemi\/","url":"https:\/\/spotdata.pl\/blog\/2020\/09\/28\/trzy-wazne-obserwacje-na-nowa-fale-epidemi\/","name":"Trzy wa\u017cne obserwacje na now\u0105 fal\u0119 epidemi - SpotData - Blog","isPartOf":{"@id":"https:\/\/spotdata.pl\/blog\/#website"},"primaryImageOfPage":{"@id":"https:\/\/spotdata.pl\/blog\/2020\/09\/28\/trzy-wazne-obserwacje-na-nowa-fale-epidemi\/#primaryimage"},"image":{"@id":"https:\/\/spotdata.pl\/blog\/2020\/09\/28\/trzy-wazne-obserwacje-na-nowa-fale-epidemi\/#primaryimage"},"thumbnailUrl":"https:\/\/spotdata.pl\/blog\/wp-content\/uploads\/2020\/09\/2020-09-28-covid1.png","datePublished":"2020-09-28T06:18:36+00:00","dateModified":"2020-09-28T06:18:36+00:00","author":{"@id":"https:\/\/spotdata.pl\/blog\/#\/schema\/person\/48fd006a74962b9a86ff5bba4b2ce239"},"breadcrumb":{"@id":"https:\/\/spotdata.pl\/blog\/2020\/09\/28\/trzy-wazne-obserwacje-na-nowa-fale-epidemi\/#breadcrumb"},"inLanguage":"pl-PL","potentialAction":[{"@type":"ReadAction","target":["https:\/\/spotdata.pl\/blog\/2020\/09\/28\/trzy-wazne-obserwacje-na-nowa-fale-epidemi\/"]}]},{"@type":"ImageObject","inLanguage":"pl-PL","@id":"https:\/\/spotdata.pl\/blog\/2020\/09\/28\/trzy-wazne-obserwacje-na-nowa-fale-epidemi\/#primaryimage","url":"https:\/\/spotdata.pl\/blog\/wp-content\/uploads\/2020\/09\/2020-09-28-covid1.png","contentUrl":"https:\/\/spotdata.pl\/blog\/wp-content\/uploads\/2020\/09\/2020-09-28-covid1.png","width":600,"height":500},{"@type":"BreadcrumbList","@id":"https:\/\/spotdata.pl\/blog\/2020\/09\/28\/trzy-wazne-obserwacje-na-nowa-fale-epidemi\/#breadcrumb","itemListElement":[{"@type":"ListItem","position":1,"name":"Strona g\u0142\u00f3wna","item":"https:\/\/spotdata.pl\/blog\/"},{"@type":"ListItem","position":2,"name":"Trzy wa\u017cne obserwacje na&nbsp;now\u0105 fal\u0119 epidemi"}]},{"@type":"WebSite","@id":"https:\/\/spotdata.pl\/blog\/#website","url":"https:\/\/spotdata.pl\/blog\/","name":"SpotData - Blog","description":"\u0179r\u00f3d\u0142o wnikliwych analiz makroekonomicznych i bran\u017cowych.","potentialAction":[{"@type":"SearchAction","target":{"@type":"EntryPoint","urlTemplate":"https:\/\/spotdata.pl\/blog\/?s={search_term_string}"},"query-input":{"@type":"PropertyValueSpecification","valueRequired":true,"valueName":"search_term_string"}}],"inLanguage":"pl-PL"},{"@type":"Person","@id":"https:\/\/spotdata.pl\/blog\/#\/schema\/person\/48fd006a74962b9a86ff5bba4b2ce239","name":"I M","image":{"@type":"ImageObject","inLanguage":"pl-PL","@id":"https:\/\/spotdata.pl\/blog\/#\/schema\/person\/image\/","url":"https:\/\/secure.gravatar.com\/avatar\/c315bb1934ec26691dd14126e402c123?s=96&d=mm&r=g","contentUrl":"https:\/\/secure.gravatar.com\/avatar\/c315bb1934ec26691dd14126e402c123?s=96&d=mm&r=g","caption":"I M"},"url":"https:\/\/spotdata.pl\/blog\/author\/sdadmin\/"}]}},"_links":{"self":[{"href":"https:\/\/spotdata.pl\/blog\/wp-json\/wp\/v2\/posts\/1997"}],"collection":[{"href":"https:\/\/spotdata.pl\/blog\/wp-json\/wp\/v2\/posts"}],"about":[{"href":"https:\/\/spotdata.pl\/blog\/wp-json\/wp\/v2\/types\/post"}],"author":[{"embeddable":true,"href":"https:\/\/spotdata.pl\/blog\/wp-json\/wp\/v2\/users\/2"}],"replies":[{"embeddable":true,"href":"https:\/\/spotdata.pl\/blog\/wp-json\/wp\/v2\/comments?post=1997"}],"version-history":[{"count":1,"href":"https:\/\/spotdata.pl\/blog\/wp-json\/wp\/v2\/posts\/1997\/revisions"}],"predecessor-version":[{"id":2000,"href":"https:\/\/spotdata.pl\/blog\/wp-json\/wp\/v2\/posts\/1997\/revisions\/2000"}],"wp:featuredmedia":[{"embeddable":true,"href":"https:\/\/spotdata.pl\/blog\/wp-json\/wp\/v2\/media\/1998"}],"wp:attachment":[{"href":"https:\/\/spotdata.pl\/blog\/wp-json\/wp\/v2\/media?parent=1997"}],"wp:term":[{"taxonomy":"category","embeddable":true,"href":"https:\/\/spotdata.pl\/blog\/wp-json\/wp\/v2\/categories?post=1997"},{"taxonomy":"post_tag","embeddable":true,"href":"https:\/\/spotdata.pl\/blog\/wp-json\/wp\/v2\/tags?post=1997"}],"curies":[{"name":"wp","href":"https:\/\/api.w.org\/{rel}","templated":true}]}}