{"id":1874,"date":"2020-07-16T10:48:03","date_gmt":"2020-07-16T08:48:03","guid":{"rendered":"https:\/\/spotdata.pl\/blog\/?p=1874"},"modified":"2020-07-16T10:48:03","modified_gmt":"2020-07-16T08:48:03","slug":"polski-eksport-nie-spada-tak-mocno-jak-w-2008-r","status":"publish","type":"post","link":"https:\/\/spotdata.pl\/blog\/2020\/07\/16\/polski-eksport-nie-spada-tak-mocno-jak-w-2008-r\/","title":{"rendered":"Polski eksport nie spada tak mocno, jak w 2008 r."},"content":{"rendered":"<p style=\"text-align: justify;\">Jedna z rzeczy, kt\u00f3re mnie zdziwi\u0142y w ostatnich miesi\u0105cach, to rozd\u017awi\u0119k mi\u0119dzy ocen\u0105 kryzysu epidemicznego w mediach i w\u015br\u00f3d ekonomist\u00f3w, a spojrzeniem na kryzys przez mened\u017cer\u00f3w firm produkcyjnych.\u00a0<strong>W mediach i w\u015br\u00f3d analityk\u00f3w panuje lekka panika, opisuje si\u0119 kryzys jako najwi\u0119ksze za\u0142amanie od kilkuset lat \u2013 a na pewno g\u0142\u0119bsze ni\u017c w 2008 r. W firmach a\u017c takiego pesymizmu nie ma.<\/strong>\u00a0Uczestnicz\u0105c w r\u00f3\u017cnych spotkaniach (g\u0142\u00f3wnie teledebatach) rzadko spotyka\u0142em si\u0119 z opini\u0105, \u017ce sytuacja jest gorsza ni\u017c w 2008 r. Raczej patrzy si\u0119 na obecn\u0105 sytuacj\u0119 jak na szok, kt\u00f3ry po kilku kwarta\u0142ach minie, w przeciwie\u0144stwie do 2008 r., kiedy przez wiele miesi\u0119cy panowa\u0142 egzystencjalny strach.<\/p>\n<p style=\"text-align: justify;\">Dane o polskim eksporcie wspieraj\u0105 raczej narracj\u0119, \u017ce wstrz\u0105s nie jest a\u017c tak silny jak w 2008 r.\u00a0<strong>Eksport ju\u017c w maju mia\u0142 wy\u017csz\u0105 dynamik\u0119 ni\u017c w dnie kryzysu finansowego po upadku Lehman Brothers.<\/strong>\u00a0Wprawdzie w uj\u0119ciu rocznym wci\u0105\u017c jest na g\u0142\u0119bokim minusie, ale odbicie jest dynamiczne.\u00a0<strong>W maju eksport by\u0142 o 20 proc. ni\u017cszy rok do roku, podczas gdy jeszcze w kwietniu spadek wynosi\u0142 30 proc. Przypomnijmy, \u017ce w czasie kryzysu finansowego eksport przez kilka miesi\u0119cy z rz\u0119du notowa\u0142 spadki po 20-25 proc.<\/strong><\/p>\n<p style=\"text-align: justify;\">Obecna sytuacja jest oczywi\u015bcie bardzo powa\u017cna i grozi nam przed\u0142u\u017cony okres niepewno\u015bci, podwy\u017cszonego bezrobocia i niskich inwestycji. W niekt\u00f3rych bran\u017cach sytuacja jest tragiczna. Jestem jak najdalszy od bagatelizowania sytuacji.<\/p>\n<p style=\"text-align: justify;\">Natomiast chc\u0119 rzuci\u0107 pewne \u015bwiat\u0142o na por\u00f3wnania historyczne, kt\u00f3re zawsze cierpi\u0105 na efekt tzw. pewno\u015bci wstecznej \u2013 z dzisiejszej perspektywy wydaje si\u0119, \u017ce\u00a0<strong>przesz\u0142e kryzysy nie by\u0142y tak powa\u017cne, poniewa\u017c ju\u017c dzi\u015b posiadamy wiedz\u0119, \u017ce one min\u0119\u0142y.<\/strong>\u00a0Patrzymy na te zjawiska jak na co\u015b, co min\u0119\u0142o i nabieramy pod\u015bwiadomej pewno\u015bci, \u017ce ich przej\u015bciowo\u015b\u0107 by\u0142a od pocz\u0105tku zapewniona. Ale w ich trakcie strach by\u0142 przecie\u017c pot\u0119\u017cny. Przypomn\u0119, \u017ce na prze\u0142omie 2008 i 2009 r. wydawa\u0142o si\u0119, \u017ce \u015bwiatowy system finansowy mo\u017ce si\u0119 zawali\u0107, a \u015bwiat wchodzi w depresj\u0119 por\u00f3wnywaln\u0105 z t\u0105 z lat 30. XX wieku.<\/p>\n<p style=\"text-align: justify;\">Teraz zmagamy si\u0119 z najwi\u0119ksz\u0105 pandemi\u0105 od 50 lub 100 lat (od grypy azjatyckiej z 1957 r. lub grypy hiszpanki z 1918 r.).\u00a0<strong>Problem jest bardzo powa\u017cny. Natomiast w przeciwie\u0144stwie do upadku systemu finansowego, pandemia jest problemem, kt\u00f3ry ewidentnie minie lub z\u0142agodnieje.<\/strong>\u00a0Dlatego moje spojrzenie na rok bie\u017c\u0105cy jest pesymistyczne, ale na przysz\u0142y ju\u017c raczej optymistyczne. S\u0105dz\u0119, \u017ce gospodarka mo\u017ce nadrobi\u0107 ca\u0142o\u015b\u0107 strat do ko\u0144ca przysz\u0142ego roku. Wci\u0105\u017c wierz\u0119, \u017ce to nie musi by\u0107 tak z\u0142y czas, jak lata 2008-2010.<\/p>\n<p><img loading=\"lazy\" decoding=\"async\" class=\"alignnone size-full wp-image-1875\" src=\"https:\/\/spotdata.pl\/blog\/wp-content\/uploads\/2020\/07\/2020-07-16-eksport.png\" alt=\"\" width=\"600\" height=\"387\" srcset=\"https:\/\/spotdata.pl\/blog\/wp-content\/uploads\/2020\/07\/2020-07-16-eksport.png 600w, https:\/\/spotdata.pl\/blog\/wp-content\/uploads\/2020\/07\/2020-07-16-eksport-300x194.png 300w\" sizes=\"(max-width: 600px) 100vw, 600px\" \/><\/p>\n<p><a href=\"https:\/\/www.pb.pl\/forecast\/\" target=\"_blank\" rel=\"noopener\"><img loading=\"lazy\" decoding=\"async\" class=\"aligncenter\" src=\"https:\/\/ci5.googleusercontent.com\/proxy\/hbZTM2XR07Aq_nKXJ2Lo-uae5RuVdwUJCVCwfRGpNNmtfEqhqM8ThodRTBdVSRZBVDSdvNQjSEbpQGmgSv8h2Na78HfE9iaAmrmHH1jLj3tn8qXdJW9Pb9sSAhx327JPw639Aj79zdNrpfc8JK7Hhj8cyIl3iS1q0YWe=s0-d-e1-ft#https:\/\/s3-eu-west-1.amazonaws.com\/salesmanagoimg\/en2eym7pqp9kfwsq\/pgmgapee4kt1zmqs\/r2dycor9v9plat75.jpg\" alt=\"PB Forecast\" width=\"640\" height=\"154\" \/><\/a><\/p>\n<p style=\"text-align: justify;\"><em>Powy\u017cszy tekst pochodzi z newslettera Dane Dnia prowadzonego przez Ignacego Morawskiego, dyrektora centrum analiz SpotData. Chcesz codziennie takie informacje na swoj\u0105 skrzynk\u0119?\u00a0<span style=\"text-decoration: underline; color: #ff6600;\"><a style=\"font-size: 17px; color: #ff6600; text-decoration: underline;\" href=\"http:\/\/newsletter.spotdata.pl\/\" target=\"_blank\" rel=\"noopener\">Zapisz si\u0119 na newsletter SpotData<\/a>.<\/span><\/em><\/p>\n<p>O Autorze:<\/p>\n<table>\n<tbody>\n<tr>\n<td style=\"width: 58.6094px;\"><img decoding=\"async\" class=\"CToWUd alignleft\" src=\"https:\/\/ci4.googleusercontent.com\/proxy\/bF44Xw7J-fMHWNk_-Bsh__Tl0aT5YgEmdMAP4cIN2Ew1ibEV5HeZiT2iyDxM9Q_QDBuwQ4uYZBhYOEpoQEwjesJ3mQv0CG_nWrsQJuxZVs_-HC7iPPhjmcmJC3QU0Bbspk063dhhTJ_tmGhoRg_BIcjDCK8q0eyuicTE=s0-d-e1-ft#https:\/\/s3-eu-west-1.amazonaws.com\/salesmanagoimg\/en2eym7pqp9kfwsq\/pgmgapee4kt1zmqs\/xxdpauc8ju617j1z.png\" alt=\"Ignacy Morawski\" width=\"114\" \/><\/td>\n<td style=\"width: 505.609px;\">\n<p style=\"text-align: center;\"><span style=\"font-size: 24px;\"><strong>Ignacy Morawski<\/strong><span style=\"font-size: 16px;\">,<\/span><\/span>\u00a0dyrektor centrum analiz\u00a0SpotData<\/p>\n<div class=\"row team\">\n<div class=\"col-md-20 col-sm-14 col-xs-18 txt\" style=\"text-align: justify;\">Ignacy Morawski jest pomys\u0142odawc\u0105 projektu i szefem zespo\u0142u SpotData. Przez wiele lat pracowa\u0142 w sektorze bankowym (WestLB, Polski Bank Przedsi\u0119biorczo\u015bci), gdzie pe\u0142ni\u0142 rol\u0119 g\u0142\u00f3wnego ekonomisty. W latach 2012-16 zdoby\u0142 wiele wyr\u00f3\u017cnie\u0144 w licznych rankingach, zajmuj\u0105c m.in. dwukrotnie miejsce na podium konkursu na najlepszego analityka makroekonomicznego organizowanego przez &#8222;Rzeczpospolit\u0105&#8221; i Narodowy Bank Polski. W 2017 roku znalaz\u0142 si\u0119 na li\u015bcie New Europe 100, wyr\u00f3\u017cniaj\u0105cej najbardziej innowacyjne osoby Europy \u015arodkowej, publikowanej przez &#8222;Financial Times&#8221;. Absolwent ekonomii na Uniwersytecie Bocconi w Mediolanie i nauk politycznych na Uniwersytecie Warszawskim.<\/div>\n<\/div>\n<div class=\"row team\">\n<div class=\"col-md-4 col-sm-10 col-xs-6\"><\/div>\n<\/div>\n<\/td>\n<\/tr>\n<\/tbody>\n<\/table>\n<p>&nbsp;<\/p>\n","protected":false},"excerpt":{"rendered":"<p>Jedna z rzeczy, kt\u00f3re mnie zdziwi\u0142y w ostatnich miesi\u0105cach, to rozd\u017awi\u0119k mi\u0119dzy ocen\u0105 kryzysu epidemicznego w mediach i w\u015br\u00f3d ekonomist\u00f3w, a spojrzeniem na kryzys przez mened\u017cer\u00f3w firm produkcyjnych.\u00a0W mediach i w\u015br\u00f3d analityk\u00f3w panuje lekka panika, opisuje si\u0119 kryzys jako najwi\u0119ksze za\u0142amanie od kilkuset lat \u2013 a na pewno g\u0142\u0119bsze ni\u017c w 2008 r. W firmach &hellip; <\/p>\n<p class=\"link-more\"><a href=\"https:\/\/spotdata.pl\/blog\/2020\/07\/16\/polski-eksport-nie-spada-tak-mocno-jak-w-2008-r\/\" class=\"more-link\">Czytaj dalej<span class=\"screen-reader-text\"> Polski eksport nie spada tak mocno, jak w 2008 r.<\/span><\/a><\/p>\n","protected":false},"author":2,"featured_media":1875,"comment_status":"closed","ping_status":"closed","sticky":false,"template":"","format":"standard","meta":{"footnotes":""},"categories":[38],"tags":[165,1065,1022,76,6,959,87,962,961,1074,1071,1070,166,1110,243,33,1073,1024,1072],"class_list":["post-1874","post","type-post","status-publish","format-standard","has-post-thumbnail","hentry","category-makroekonomia","tag-blog-ekonomiczny","tag-covid","tag-covid-19","tag-ekonomia","tag-eksport","tag-epidemia","tag-gospodarka","tag-konsekwencje-koronawirusa","tag-koronawirus","tag-koronawirus-ekonomia","tag-kwarantanna","tag-kwarantanna-gospodarka","tag-podaz-pieniadza","tag-prognozy-epidemia","tag-prognozy-gospodarcze","tag-rynek-pracy","tag-wirus","tag-wplyw-koronawirusa-na-gospodarke","tag-wplyw-kwarantanny-na-gospodarke","layout-default"],"yoast_head":"<!-- This site is optimized with the Yoast SEO plugin v23.4 - https:\/\/yoast.com\/wordpress\/plugins\/seo\/ -->\n<title>Polski eksport nie spada tak mocno, jak w 2008 r. - SpotData - Blog<\/title>\n<meta name=\"robots\" content=\"index, follow, max-snippet:-1, max-image-preview:large, max-video-preview:-1\" \/>\n<link rel=\"canonical\" href=\"https:\/\/spotdata.pl\/blog\/2020\/07\/16\/polski-eksport-nie-spada-tak-mocno-jak-w-2008-r\/\" \/>\n<meta property=\"og:locale\" content=\"pl_PL\" \/>\n<meta property=\"og:type\" content=\"article\" \/>\n<meta property=\"og:title\" content=\"Polski eksport nie spada tak mocno, jak w 2008 r. - SpotData - Blog\" \/>\n<meta property=\"og:description\" content=\"Jedna z rzeczy, kt\u00f3re mnie zdziwi\u0142y w ostatnich miesi\u0105cach, to rozd\u017awi\u0119k mi\u0119dzy ocen\u0105 kryzysu epidemicznego w mediach i w\u015br\u00f3d ekonomist\u00f3w, a spojrzeniem na kryzys przez mened\u017cer\u00f3w firm produkcyjnych.\u00a0W mediach i w\u015br\u00f3d analityk\u00f3w panuje lekka panika, opisuje si\u0119 kryzys jako najwi\u0119ksze za\u0142amanie od kilkuset lat \u2013 a na pewno g\u0142\u0119bsze ni\u017c w 2008 r. W firmach &hellip; Czytaj dalej Polski eksport nie spada tak mocno, jak w 2008 r.\" \/>\n<meta property=\"og:url\" content=\"https:\/\/spotdata.pl\/blog\/2020\/07\/16\/polski-eksport-nie-spada-tak-mocno-jak-w-2008-r\/\" \/>\n<meta property=\"og:site_name\" content=\"SpotData - Blog\" \/>\n<meta property=\"article:published_time\" content=\"2020-07-16T08:48:03+00:00\" \/>\n<meta property=\"og:image\" content=\"https:\/\/spotdata.pl\/blog\/wp-content\/uploads\/2020\/07\/2020-07-16-eksport.png\" \/>\n\t<meta property=\"og:image:width\" content=\"600\" \/>\n\t<meta property=\"og:image:height\" content=\"387\" \/>\n\t<meta property=\"og:image:type\" content=\"image\/png\" \/>\n<meta name=\"author\" content=\"I M\" \/>\n<meta name=\"twitter:card\" content=\"summary_large_image\" \/>\n<meta name=\"twitter:label1\" content=\"Napisane przez\" \/>\n\t<meta name=\"twitter:data1\" content=\"I M\" \/>\n\t<meta name=\"twitter:label2\" content=\"Szacowany czas czytania\" \/>\n\t<meta name=\"twitter:data2\" content=\"3 minuty\" \/>\n<script type=\"application\/ld+json\" class=\"yoast-schema-graph\">{\"@context\":\"https:\/\/schema.org\",\"@graph\":[{\"@type\":\"WebPage\",\"@id\":\"https:\/\/spotdata.pl\/blog\/2020\/07\/16\/polski-eksport-nie-spada-tak-mocno-jak-w-2008-r\/\",\"url\":\"https:\/\/spotdata.pl\/blog\/2020\/07\/16\/polski-eksport-nie-spada-tak-mocno-jak-w-2008-r\/\",\"name\":\"Polski eksport nie spada tak mocno, jak w 2008 r. - SpotData - Blog\",\"isPartOf\":{\"@id\":\"https:\/\/spotdata.pl\/blog\/#website\"},\"primaryImageOfPage\":{\"@id\":\"https:\/\/spotdata.pl\/blog\/2020\/07\/16\/polski-eksport-nie-spada-tak-mocno-jak-w-2008-r\/#primaryimage\"},\"image\":{\"@id\":\"https:\/\/spotdata.pl\/blog\/2020\/07\/16\/polski-eksport-nie-spada-tak-mocno-jak-w-2008-r\/#primaryimage\"},\"thumbnailUrl\":\"https:\/\/spotdata.pl\/blog\/wp-content\/uploads\/2020\/07\/2020-07-16-eksport.png\",\"datePublished\":\"2020-07-16T08:48:03+00:00\",\"dateModified\":\"2020-07-16T08:48:03+00:00\",\"author\":{\"@id\":\"https:\/\/spotdata.pl\/blog\/#\/schema\/person\/48fd006a74962b9a86ff5bba4b2ce239\"},\"breadcrumb\":{\"@id\":\"https:\/\/spotdata.pl\/blog\/2020\/07\/16\/polski-eksport-nie-spada-tak-mocno-jak-w-2008-r\/#breadcrumb\"},\"inLanguage\":\"pl-PL\",\"potentialAction\":[{\"@type\":\"ReadAction\",\"target\":[\"https:\/\/spotdata.pl\/blog\/2020\/07\/16\/polski-eksport-nie-spada-tak-mocno-jak-w-2008-r\/\"]}]},{\"@type\":\"ImageObject\",\"inLanguage\":\"pl-PL\",\"@id\":\"https:\/\/spotdata.pl\/blog\/2020\/07\/16\/polski-eksport-nie-spada-tak-mocno-jak-w-2008-r\/#primaryimage\",\"url\":\"https:\/\/spotdata.pl\/blog\/wp-content\/uploads\/2020\/07\/2020-07-16-eksport.png\",\"contentUrl\":\"https:\/\/spotdata.pl\/blog\/wp-content\/uploads\/2020\/07\/2020-07-16-eksport.png\",\"width\":600,\"height\":387},{\"@type\":\"BreadcrumbList\",\"@id\":\"https:\/\/spotdata.pl\/blog\/2020\/07\/16\/polski-eksport-nie-spada-tak-mocno-jak-w-2008-r\/#breadcrumb\",\"itemListElement\":[{\"@type\":\"ListItem\",\"position\":1,\"name\":\"Strona g\u0142\u00f3wna\",\"item\":\"https:\/\/spotdata.pl\/blog\/\"},{\"@type\":\"ListItem\",\"position\":2,\"name\":\"Polski eksport nie&nbsp;spada tak&nbsp;mocno, jak w&nbsp;2008 r.\"}]},{\"@type\":\"WebSite\",\"@id\":\"https:\/\/spotdata.pl\/blog\/#website\",\"url\":\"https:\/\/spotdata.pl\/blog\/\",\"name\":\"SpotData - Blog\",\"description\":\"\u0179r\u00f3d\u0142o wnikliwych analiz makroekonomicznych i bran\u017cowych.\",\"potentialAction\":[{\"@type\":\"SearchAction\",\"target\":{\"@type\":\"EntryPoint\",\"urlTemplate\":\"https:\/\/spotdata.pl\/blog\/?s={search_term_string}\"},\"query-input\":{\"@type\":\"PropertyValueSpecification\",\"valueRequired\":true,\"valueName\":\"search_term_string\"}}],\"inLanguage\":\"pl-PL\"},{\"@type\":\"Person\",\"@id\":\"https:\/\/spotdata.pl\/blog\/#\/schema\/person\/48fd006a74962b9a86ff5bba4b2ce239\",\"name\":\"I M\",\"image\":{\"@type\":\"ImageObject\",\"inLanguage\":\"pl-PL\",\"@id\":\"https:\/\/spotdata.pl\/blog\/#\/schema\/person\/image\/\",\"url\":\"https:\/\/secure.gravatar.com\/avatar\/c315bb1934ec26691dd14126e402c123?s=96&d=mm&r=g\",\"contentUrl\":\"https:\/\/secure.gravatar.com\/avatar\/c315bb1934ec26691dd14126e402c123?s=96&d=mm&r=g\",\"caption\":\"I M\"},\"url\":\"https:\/\/spotdata.pl\/blog\/author\/sdadmin\/\"}]}<\/script>\n<!-- \/ Yoast SEO plugin. -->","yoast_head_json":{"title":"Polski eksport nie spada tak mocno, jak w 2008 r. - SpotData - Blog","robots":{"index":"index","follow":"follow","max-snippet":"max-snippet:-1","max-image-preview":"max-image-preview:large","max-video-preview":"max-video-preview:-1"},"canonical":"https:\/\/spotdata.pl\/blog\/2020\/07\/16\/polski-eksport-nie-spada-tak-mocno-jak-w-2008-r\/","og_locale":"pl_PL","og_type":"article","og_title":"Polski eksport nie spada tak mocno, jak w 2008 r. - SpotData - Blog","og_description":"Jedna z rzeczy, kt\u00f3re mnie zdziwi\u0142y w ostatnich miesi\u0105cach, to rozd\u017awi\u0119k mi\u0119dzy ocen\u0105 kryzysu epidemicznego w mediach i w\u015br\u00f3d ekonomist\u00f3w, a spojrzeniem na kryzys przez mened\u017cer\u00f3w firm produkcyjnych.\u00a0W mediach i w\u015br\u00f3d analityk\u00f3w panuje lekka panika, opisuje si\u0119 kryzys jako najwi\u0119ksze za\u0142amanie od kilkuset lat \u2013 a na pewno g\u0142\u0119bsze ni\u017c w 2008 r. W firmach &hellip; Czytaj dalej Polski eksport nie spada tak mocno, jak w 2008 r.","og_url":"https:\/\/spotdata.pl\/blog\/2020\/07\/16\/polski-eksport-nie-spada-tak-mocno-jak-w-2008-r\/","og_site_name":"SpotData - Blog","article_published_time":"2020-07-16T08:48:03+00:00","og_image":[{"width":600,"height":387,"url":"https:\/\/spotdata.pl\/blog\/wp-content\/uploads\/2020\/07\/2020-07-16-eksport.png","type":"image\/png"}],"author":"I M","twitter_card":"summary_large_image","twitter_misc":{"Napisane przez":"I M","Szacowany czas czytania":"3 minuty"},"schema":{"@context":"https:\/\/schema.org","@graph":[{"@type":"WebPage","@id":"https:\/\/spotdata.pl\/blog\/2020\/07\/16\/polski-eksport-nie-spada-tak-mocno-jak-w-2008-r\/","url":"https:\/\/spotdata.pl\/blog\/2020\/07\/16\/polski-eksport-nie-spada-tak-mocno-jak-w-2008-r\/","name":"Polski eksport nie spada tak mocno, jak w 2008 r. - SpotData - Blog","isPartOf":{"@id":"https:\/\/spotdata.pl\/blog\/#website"},"primaryImageOfPage":{"@id":"https:\/\/spotdata.pl\/blog\/2020\/07\/16\/polski-eksport-nie-spada-tak-mocno-jak-w-2008-r\/#primaryimage"},"image":{"@id":"https:\/\/spotdata.pl\/blog\/2020\/07\/16\/polski-eksport-nie-spada-tak-mocno-jak-w-2008-r\/#primaryimage"},"thumbnailUrl":"https:\/\/spotdata.pl\/blog\/wp-content\/uploads\/2020\/07\/2020-07-16-eksport.png","datePublished":"2020-07-16T08:48:03+00:00","dateModified":"2020-07-16T08:48:03+00:00","author":{"@id":"https:\/\/spotdata.pl\/blog\/#\/schema\/person\/48fd006a74962b9a86ff5bba4b2ce239"},"breadcrumb":{"@id":"https:\/\/spotdata.pl\/blog\/2020\/07\/16\/polski-eksport-nie-spada-tak-mocno-jak-w-2008-r\/#breadcrumb"},"inLanguage":"pl-PL","potentialAction":[{"@type":"ReadAction","target":["https:\/\/spotdata.pl\/blog\/2020\/07\/16\/polski-eksport-nie-spada-tak-mocno-jak-w-2008-r\/"]}]},{"@type":"ImageObject","inLanguage":"pl-PL","@id":"https:\/\/spotdata.pl\/blog\/2020\/07\/16\/polski-eksport-nie-spada-tak-mocno-jak-w-2008-r\/#primaryimage","url":"https:\/\/spotdata.pl\/blog\/wp-content\/uploads\/2020\/07\/2020-07-16-eksport.png","contentUrl":"https:\/\/spotdata.pl\/blog\/wp-content\/uploads\/2020\/07\/2020-07-16-eksport.png","width":600,"height":387},{"@type":"BreadcrumbList","@id":"https:\/\/spotdata.pl\/blog\/2020\/07\/16\/polski-eksport-nie-spada-tak-mocno-jak-w-2008-r\/#breadcrumb","itemListElement":[{"@type":"ListItem","position":1,"name":"Strona g\u0142\u00f3wna","item":"https:\/\/spotdata.pl\/blog\/"},{"@type":"ListItem","position":2,"name":"Polski eksport nie&nbsp;spada tak&nbsp;mocno, jak w&nbsp;2008 r."}]},{"@type":"WebSite","@id":"https:\/\/spotdata.pl\/blog\/#website","url":"https:\/\/spotdata.pl\/blog\/","name":"SpotData - Blog","description":"\u0179r\u00f3d\u0142o wnikliwych analiz makroekonomicznych i bran\u017cowych.","potentialAction":[{"@type":"SearchAction","target":{"@type":"EntryPoint","urlTemplate":"https:\/\/spotdata.pl\/blog\/?s={search_term_string}"},"query-input":{"@type":"PropertyValueSpecification","valueRequired":true,"valueName":"search_term_string"}}],"inLanguage":"pl-PL"},{"@type":"Person","@id":"https:\/\/spotdata.pl\/blog\/#\/schema\/person\/48fd006a74962b9a86ff5bba4b2ce239","name":"I M","image":{"@type":"ImageObject","inLanguage":"pl-PL","@id":"https:\/\/spotdata.pl\/blog\/#\/schema\/person\/image\/","url":"https:\/\/secure.gravatar.com\/avatar\/c315bb1934ec26691dd14126e402c123?s=96&d=mm&r=g","contentUrl":"https:\/\/secure.gravatar.com\/avatar\/c315bb1934ec26691dd14126e402c123?s=96&d=mm&r=g","caption":"I M"},"url":"https:\/\/spotdata.pl\/blog\/author\/sdadmin\/"}]}},"_links":{"self":[{"href":"https:\/\/spotdata.pl\/blog\/wp-json\/wp\/v2\/posts\/1874"}],"collection":[{"href":"https:\/\/spotdata.pl\/blog\/wp-json\/wp\/v2\/posts"}],"about":[{"href":"https:\/\/spotdata.pl\/blog\/wp-json\/wp\/v2\/types\/post"}],"author":[{"embeddable":true,"href":"https:\/\/spotdata.pl\/blog\/wp-json\/wp\/v2\/users\/2"}],"replies":[{"embeddable":true,"href":"https:\/\/spotdata.pl\/blog\/wp-json\/wp\/v2\/comments?post=1874"}],"version-history":[{"count":1,"href":"https:\/\/spotdata.pl\/blog\/wp-json\/wp\/v2\/posts\/1874\/revisions"}],"predecessor-version":[{"id":1876,"href":"https:\/\/spotdata.pl\/blog\/wp-json\/wp\/v2\/posts\/1874\/revisions\/1876"}],"wp:featuredmedia":[{"embeddable":true,"href":"https:\/\/spotdata.pl\/blog\/wp-json\/wp\/v2\/media\/1875"}],"wp:attachment":[{"href":"https:\/\/spotdata.pl\/blog\/wp-json\/wp\/v2\/media?parent=1874"}],"wp:term":[{"taxonomy":"category","embeddable":true,"href":"https:\/\/spotdata.pl\/blog\/wp-json\/wp\/v2\/categories?post=1874"},{"taxonomy":"post_tag","embeddable":true,"href":"https:\/\/spotdata.pl\/blog\/wp-json\/wp\/v2\/tags?post=1874"}],"curies":[{"name":"wp","href":"https:\/\/api.w.org\/{rel}","templated":true}]}}