{"id":1788,"date":"2020-05-20T09:20:27","date_gmt":"2020-05-20T07:20:27","guid":{"rendered":"https:\/\/spotdata.pl\/blog\/?p=1788"},"modified":"2020-05-20T09:20:27","modified_gmt":"2020-05-20T07:20:27","slug":"lastnormalphoto-rynku-nieruchomosci-co-dalej","status":"publish","type":"post","link":"https:\/\/spotdata.pl\/blog\/2020\/05\/20\/lastnormalphoto-rynku-nieruchomosci-co-dalej\/","title":{"rendered":"#LastNormalPhoto rynku nieruchomo\u015bci. Co dalej?"},"content":{"rendered":"<p style=\"text-align: justify;\">NBP poda\u0142 dane o cenach nieruchomo\u015bci mieszkaniowych w pierwszym kwartale. To jest ostatnie zdj\u0119cie tego rynku sprzed kryzysu. Co\u015b jak #LastNormalPhoto, czyli akcja internetowa, w kt\u00f3rej ludzie zamieszczaj\u0105 swoje ostatnie zdj\u0119cia sprzed epidemii.\u00a0<strong>Co z cenami nieruchomo\u015bci stanie si\u0119 dalej? Pisa\u0142em par\u0119 tygodni temu, \u017ce bilans argument\u00f3w przemawia za spadkiem cen w reakcji na spadek popytu. Ale jak patrz\u0119, co dzieje si\u0119 z aktywami ludno\u015bci w reakcji na spadek st\u00f3p procentowych, nie jestem ju\u017c tak przekonany.<\/strong><\/p>\n<p style=\"text-align: justify;\"><strong>Ceny transakcyjne mieszka\u0144 w pierwszym kwartale \u015brednio wci\u0105\u017c ros\u0142y, w wi\u0119kszo\u015bci miast w dwucyfrowym tempie rok do roku.<\/strong>\u00a0Najszybciej w Krakowie \u2013 o ponad 17 proc. Najwolniej w Poznaniu \u2013 o ok. 6 proc. Patrz\u0105c na ostatnie pi\u0119\u0107 lat, zdecydowanym liderem wzrost\u00f3w w\u015br\u00f3d du\u017cych miast jest Tr\u00f3jmiasto. To s\u0105 dane z rynku wt\u00f3rnego. Pe\u0142en zestaw danych, obejmuj\u0105cych rynek pierwotny oraz indeksy hedoniczne (zmiany cen po uwzgl\u0119dnieniu zmian jako\u015bci sprzedawanych mieszka\u0144) s\u0105 dost\u0119pne\u00a0<a href=\"https:\/\/bbp.salesmanago.pl\/rd.htm?url=https%3A%2F%2Fwww.nbp.pl%2Fhome.aspx%3Ff%3D%2Fpublikacje%2Frynek_nieruchomosci%2Findex2.html&amp;smclient=651aaebd-f1b8-4597-bd36-19f330e3aff4&amp;utm_medium=email&amp;utm_campaign=default&amp;smconv=f66ccec8-5752-47bd-8667-9a04d4b50e51&amp;smlid=2\" target=\"_blank\" rel=\"noopener\" data-saferedirecturl=\"https:\/\/www.google.com\/url?q=https:\/\/bbp.salesmanago.pl\/rd.htm?url%3Dhttps%253A%252F%252Fwww.nbp.pl%252Fhome.aspx%253Ff%253D%252Fpublikacje%252Frynek_nieruchomosci%252Findex2.html%26smclient%3D651aaebd-f1b8-4597-bd36-19f330e3aff4%26utm_medium%3Demail%26utm_campaign%3Ddefault%26smconv%3Df66ccec8-5752-47bd-8667-9a04d4b50e51%26smlid%3D2&amp;source=gmail&amp;ust=1590042762287000&amp;usg=AFQjCNFEw5qU1xdbnPYVPpcOuIQnUC5FwQ\">na stronie NBP<\/a>\u00a0w pliku Excel.<\/p>\n<p style=\"text-align: justify;\"><strong>Rosn\u0105ce bezrobocie i niepewno\u015b\u0107 gospodarcza powinny w kolejnych kwarta\u0142ach przyczyni\u0107 si\u0119 do spadku cen.<\/strong>\u00a0Do tego dojdzie spadek popytu ze strony turyst\u00f3w, co uderzy w szybko rosn\u0105cy rynek inwestycji pod najem kr\u00f3tkoterminowy. A na to wszystko nak\u0142ada si\u0119 ryzyko opodatkowania aktyw\u00f3w \u2013 czynnik, o kt\u00f3rym dzi\u015b m\u00f3wi si\u0119 ma\u0142o, a kt\u00f3ry moim zdaniem nale\u017cy bra\u0107 pod uwag\u0119. Po kryzysie potrzebne b\u0119d\u0105 nowe \u017ar\u00f3d\u0142a finansowania bud\u017cetu pa\u0144stwa, kt\u00f3rego kondycja b\u0119dzie nadwyr\u0119\u017cona. Podniesienie opodatkowania nieruchomo\u015bci b\u0119dzie politycznie bardzo \u0142atwe.<\/p>\n<p style=\"text-align: justify;\"><strong>Niekt\u00f3rzy jednak twierdz\u0105, \u017ce w \u015bwiecie g\u0142\u0119boko ujemnych (realnych) st\u00f3p procentowych ceny r\u00f3\u017cnych aktyw\u00f3w musz\u0105 rosn\u0105\u0107 \u2013 dotyczy to tak obligacji, jak akcji, czy mieszka\u0144. Patrz\u0105c na to, co dzieje si\u0119 na rynku akcji, nale\u017cy powa\u017cnie traktowa\u0107 taki pogl\u0105d.<\/strong>\u00a0Mamy najwi\u0119kszy spadek PKB w historii najnowszej i pot\u0119\u017cny wzrost niepewno\u015bci, a ceny akcji na \u015bwiecie s\u0105 niewiele poni\u017cej poziom\u00f3w sprzed pandemii. Oczywi\u015bcie akcje i nieruchomo\u015bci to inna klasa aktyw\u00f3w, posiadaj\u0105ca inne parametry p\u0142ynno\u015bci, zmienno\u015bci itd. Ale reakcja na ultra niskie stopy procentowe mo\u017ce by\u0107 podobna. Szczeg\u00f3lnie w przypadku tych nieruchomo\u015bci, kt\u00f3re mog\u0105 mie\u0107 generalnie ni\u017csz\u0105 elastyczno\u015b\u0107 dochodow\u0105 \u2013 w dobrych lokalizacjach w du\u017cych miastach.<\/p>\n<p style=\"text-align: justify;\"><strong>Wiele pewnie zale\u017cy od tego, jak szybkie b\u0119dzie wychodzenie z zapa\u015bci gospodarczej.<\/strong>\u00a0Na razie ludzie i firmy powoli oceniaj\u0105, jak zmieni\u0142a si\u0119 ich fundamentalna sytuacja w okresie epidemii. Dostosowanie decyzji inwestycyjnych do nowych warunk\u00f3w zajmie troch\u0119 czasu. Je\u017celi jednak \u015bcie\u017cka wyj\u015bcia nie b\u0119dzie bardzo stroma (w g\u00f3r\u0119) to trudno mi uwierzy\u0107, \u017ce ceny nie zareaguj\u0105 negatywnie na wstrz\u0105s gospodarczy, nawet w warunkach niskich st\u00f3p procentowych.<\/p>\n<p><a href=\"https:\/\/www.pb.pl\/forecast\/\" target=\"_blank\" rel=\"noopener\"><img loading=\"lazy\" decoding=\"async\" class=\"aligncenter\" src=\"https:\/\/ci5.googleusercontent.com\/proxy\/hbZTM2XR07Aq_nKXJ2Lo-uae5RuVdwUJCVCwfRGpNNmtfEqhqM8ThodRTBdVSRZBVDSdvNQjSEbpQGmgSv8h2Na78HfE9iaAmrmHH1jLj3tn8qXdJW9Pb9sSAhx327JPw639Aj79zdNrpfc8JK7Hhj8cyIl3iS1q0YWe=s0-d-e1-ft#https:\/\/s3-eu-west-1.amazonaws.com\/salesmanagoimg\/en2eym7pqp9kfwsq\/pgmgapee4kt1zmqs\/r2dycor9v9plat75.jpg\" alt=\"PB Forecast\" width=\"640\" height=\"154\" \/><\/a><\/p>\n<p><img loading=\"lazy\" decoding=\"async\" class=\"alignnone size-full wp-image-1789\" src=\"https:\/\/spotdata.pl\/blog\/wp-content\/uploads\/2020\/05\/2020-05-20-mieszkania.png\" alt=\"\" width=\"600\" height=\"600\" srcset=\"https:\/\/spotdata.pl\/blog\/wp-content\/uploads\/2020\/05\/2020-05-20-mieszkania.png 600w, https:\/\/spotdata.pl\/blog\/wp-content\/uploads\/2020\/05\/2020-05-20-mieszkania-150x150.png 150w, https:\/\/spotdata.pl\/blog\/wp-content\/uploads\/2020\/05\/2020-05-20-mieszkania-300x300.png 300w, https:\/\/spotdata.pl\/blog\/wp-content\/uploads\/2020\/05\/2020-05-20-mieszkania-100x100.png 100w\" sizes=\"(max-width: 600px) 100vw, 600px\" \/><\/p>\n<p style=\"text-align: justify;\"><em>Powy\u017cszy tekst pochodzi z newslettera Dane Dnia prowadzonego przez Ignacego Morawskiego, dyrektora centrum analiz SpotData. Chcesz codziennie takie informacje na swoj\u0105 skrzynk\u0119?\u00a0<span style=\"text-decoration: underline; color: #ff6600;\"><a style=\"font-size: 17px; color: #ff6600; text-decoration: underline;\" href=\"http:\/\/newsletter.spotdata.pl\/\" target=\"_blank\" rel=\"noopener\">Zapisz si\u0119 na newsletter SpotData<\/a>.<\/span><\/em><\/p>\n<p>O Autorze:<\/p>\n<table>\n<tbody>\n<tr>\n<td style=\"width: 58.6094px;\"><img decoding=\"async\" class=\"CToWUd alignleft\" src=\"https:\/\/ci4.googleusercontent.com\/proxy\/bF44Xw7J-fMHWNk_-Bsh__Tl0aT5YgEmdMAP4cIN2Ew1ibEV5HeZiT2iyDxM9Q_QDBuwQ4uYZBhYOEpoQEwjesJ3mQv0CG_nWrsQJuxZVs_-HC7iPPhjmcmJC3QU0Bbspk063dhhTJ_tmGhoRg_BIcjDCK8q0eyuicTE=s0-d-e1-ft#https:\/\/s3-eu-west-1.amazonaws.com\/salesmanagoimg\/en2eym7pqp9kfwsq\/pgmgapee4kt1zmqs\/xxdpauc8ju617j1z.png\" alt=\"Ignacy Morawski\" width=\"114\" \/><\/td>\n<td style=\"width: 505.609px;\">\n<p style=\"text-align: center;\"><span style=\"font-size: 24px;\"><strong>Ignacy Morawski<\/strong><span style=\"font-size: 16px;\">,<\/span><\/span>\u00a0dyrektor centrum analiz\u00a0SpotData<\/p>\n<div class=\"row team\">\n<div class=\"col-md-20 col-sm-14 col-xs-18 txt\" style=\"text-align: justify;\">Ignacy Morawski jest pomys\u0142odawc\u0105 projektu i szefem zespo\u0142u SpotData. Przez wiele lat pracowa\u0142 w sektorze bankowym (WestLB, Polski Bank Przedsi\u0119biorczo\u015bci), gdzie pe\u0142ni\u0142 rol\u0119 g\u0142\u00f3wnego ekonomisty. W latach 2012-16 zdoby\u0142 wiele wyr\u00f3\u017cnie\u0144 w licznych rankingach, zajmuj\u0105c m.in. dwukrotnie miejsce na podium konkursu na najlepszego analityka makroekonomicznego organizowanego przez &#8222;Rzeczpospolit\u0105&#8221; i Narodowy Bank Polski. W 2017 roku znalaz\u0142 si\u0119 na li\u015bcie New Europe 100, wyr\u00f3\u017cniaj\u0105cej najbardziej innowacyjne osoby Europy \u015arodkowej, publikowanej przez &#8222;Financial Times&#8221;. Absolwent ekonomii na Uniwersytecie Bocconi w Mediolanie i nauk politycznych na Uniwersytecie Warszawskim.<\/div>\n<\/div>\n<div class=\"row team\">\n<div class=\"col-md-4 col-sm-10 col-xs-6\"><\/div>\n<\/div>\n<\/td>\n<\/tr>\n<\/tbody>\n<\/table>\n<p>&nbsp;<\/p>\n<p>&nbsp;<\/p>\n","protected":false},"excerpt":{"rendered":"<p>NBP poda\u0142 dane o cenach nieruchomo\u015bci mieszkaniowych w pierwszym kwartale. To jest ostatnie zdj\u0119cie tego rynku sprzed kryzysu. Co\u015b jak #LastNormalPhoto, czyli akcja internetowa, w kt\u00f3rej ludzie zamieszczaj\u0105 swoje ostatnie zdj\u0119cia sprzed epidemii.\u00a0Co z cenami nieruchomo\u015bci stanie si\u0119 dalej? Pisa\u0142em par\u0119 tygodni temu, \u017ce bilans argument\u00f3w przemawia za spadkiem cen w reakcji na spadek popytu. &hellip; <\/p>\n<p class=\"link-more\"><a href=\"https:\/\/spotdata.pl\/blog\/2020\/05\/20\/lastnormalphoto-rynku-nieruchomosci-co-dalej\/\" class=\"more-link\">Czytaj dalej<span class=\"screen-reader-text\"> #LastNormalPhoto rynku nieruchomo\u015bci. Co dalej?<\/span><\/a><\/p>\n","protected":false},"author":2,"featured_media":1789,"comment_status":"closed","ping_status":"closed","sticky":false,"template":"","format":"standard","meta":{"footnotes":""},"categories":[18,38],"tags":[165,1142,1065,1022,76,6,959,87,962,961,1143,1074,1071,1070,14,1140,1138,1137,1110,243,1099,33,1073,1024,1072],"class_list":["post-1788","post","type-post","status-publish","format-standard","has-post-thumbnail","hentry","category-budownictwo","category-makroekonomia","tag-blog-ekonomiczny","tag-ceny-mieszkan-nbp","tag-covid","tag-covid-19","tag-ekonomia","tag-eksport","tag-epidemia","tag-gospodarka","tag-konsekwencje-koronawirusa","tag-koronawirus","tag-koronawirus-a-ceny-mieszkan","tag-koronawirus-ekonomia","tag-kwarantanna","tag-kwarantanna-gospodarka","tag-pkb","tag-pkb-kraje-ue","tag-polska-pkb","tag-polska-zarazenia","tag-prognozy-epidemia","tag-prognozy-gospodarcze","tag-rynek-mieszkaniowy-a-covid","tag-rynek-pracy","tag-wirus","tag-wplyw-koronawirusa-na-gospodarke","tag-wplyw-kwarantanny-na-gospodarke","layout-default"],"yoast_head":"<!-- This site is optimized with the Yoast SEO plugin v23.4 - https:\/\/yoast.com\/wordpress\/plugins\/seo\/ -->\n<title>#LastNormalPhoto rynku nieruchomo\u015bci. Co dalej? - SpotData - Blog<\/title>\n<meta name=\"robots\" content=\"index, follow, max-snippet:-1, max-image-preview:large, max-video-preview:-1\" \/>\n<link rel=\"canonical\" href=\"https:\/\/spotdata.pl\/blog\/2020\/05\/20\/lastnormalphoto-rynku-nieruchomosci-co-dalej\/\" \/>\n<meta property=\"og:locale\" content=\"pl_PL\" \/>\n<meta property=\"og:type\" content=\"article\" \/>\n<meta property=\"og:title\" content=\"#LastNormalPhoto rynku nieruchomo\u015bci. Co dalej? - SpotData - Blog\" \/>\n<meta property=\"og:description\" content=\"NBP poda\u0142 dane o cenach nieruchomo\u015bci mieszkaniowych w pierwszym kwartale. To jest ostatnie zdj\u0119cie tego rynku sprzed kryzysu. Co\u015b jak #LastNormalPhoto, czyli akcja internetowa, w kt\u00f3rej ludzie zamieszczaj\u0105 swoje ostatnie zdj\u0119cia sprzed epidemii.\u00a0Co z cenami nieruchomo\u015bci stanie si\u0119 dalej? Pisa\u0142em par\u0119 tygodni temu, \u017ce bilans argument\u00f3w przemawia za spadkiem cen w reakcji na spadek popytu. &hellip; Czytaj dalej #LastNormalPhoto rynku nieruchomo\u015bci. Co dalej?\" \/>\n<meta property=\"og:url\" content=\"https:\/\/spotdata.pl\/blog\/2020\/05\/20\/lastnormalphoto-rynku-nieruchomosci-co-dalej\/\" \/>\n<meta property=\"og:site_name\" content=\"SpotData - Blog\" \/>\n<meta property=\"article:published_time\" content=\"2020-05-20T07:20:27+00:00\" \/>\n<meta property=\"og:image\" content=\"https:\/\/spotdata.pl\/blog\/wp-content\/uploads\/2020\/05\/2020-05-20-mieszkania.png\" \/>\n\t<meta property=\"og:image:width\" content=\"600\" \/>\n\t<meta property=\"og:image:height\" content=\"600\" \/>\n\t<meta property=\"og:image:type\" content=\"image\/png\" \/>\n<meta name=\"author\" content=\"I M\" \/>\n<meta name=\"twitter:card\" content=\"summary_large_image\" \/>\n<meta name=\"twitter:label1\" content=\"Napisane przez\" \/>\n\t<meta name=\"twitter:data1\" content=\"I M\" \/>\n\t<meta name=\"twitter:label2\" content=\"Szacowany czas czytania\" \/>\n\t<meta name=\"twitter:data2\" content=\"3 minuty\" \/>\n<script type=\"application\/ld+json\" class=\"yoast-schema-graph\">{\"@context\":\"https:\/\/schema.org\",\"@graph\":[{\"@type\":\"WebPage\",\"@id\":\"https:\/\/spotdata.pl\/blog\/2020\/05\/20\/lastnormalphoto-rynku-nieruchomosci-co-dalej\/\",\"url\":\"https:\/\/spotdata.pl\/blog\/2020\/05\/20\/lastnormalphoto-rynku-nieruchomosci-co-dalej\/\",\"name\":\"#LastNormalPhoto rynku nieruchomo\u015bci. Co dalej? - SpotData - Blog\",\"isPartOf\":{\"@id\":\"https:\/\/spotdata.pl\/blog\/#website\"},\"primaryImageOfPage\":{\"@id\":\"https:\/\/spotdata.pl\/blog\/2020\/05\/20\/lastnormalphoto-rynku-nieruchomosci-co-dalej\/#primaryimage\"},\"image\":{\"@id\":\"https:\/\/spotdata.pl\/blog\/2020\/05\/20\/lastnormalphoto-rynku-nieruchomosci-co-dalej\/#primaryimage\"},\"thumbnailUrl\":\"https:\/\/spotdata.pl\/blog\/wp-content\/uploads\/2020\/05\/2020-05-20-mieszkania.png\",\"datePublished\":\"2020-05-20T07:20:27+00:00\",\"dateModified\":\"2020-05-20T07:20:27+00:00\",\"author\":{\"@id\":\"https:\/\/spotdata.pl\/blog\/#\/schema\/person\/48fd006a74962b9a86ff5bba4b2ce239\"},\"breadcrumb\":{\"@id\":\"https:\/\/spotdata.pl\/blog\/2020\/05\/20\/lastnormalphoto-rynku-nieruchomosci-co-dalej\/#breadcrumb\"},\"inLanguage\":\"pl-PL\",\"potentialAction\":[{\"@type\":\"ReadAction\",\"target\":[\"https:\/\/spotdata.pl\/blog\/2020\/05\/20\/lastnormalphoto-rynku-nieruchomosci-co-dalej\/\"]}]},{\"@type\":\"ImageObject\",\"inLanguage\":\"pl-PL\",\"@id\":\"https:\/\/spotdata.pl\/blog\/2020\/05\/20\/lastnormalphoto-rynku-nieruchomosci-co-dalej\/#primaryimage\",\"url\":\"https:\/\/spotdata.pl\/blog\/wp-content\/uploads\/2020\/05\/2020-05-20-mieszkania.png\",\"contentUrl\":\"https:\/\/spotdata.pl\/blog\/wp-content\/uploads\/2020\/05\/2020-05-20-mieszkania.png\",\"width\":600,\"height\":600},{\"@type\":\"BreadcrumbList\",\"@id\":\"https:\/\/spotdata.pl\/blog\/2020\/05\/20\/lastnormalphoto-rynku-nieruchomosci-co-dalej\/#breadcrumb\",\"itemListElement\":[{\"@type\":\"ListItem\",\"position\":1,\"name\":\"Strona g\u0142\u00f3wna\",\"item\":\"https:\/\/spotdata.pl\/blog\/\"},{\"@type\":\"ListItem\",\"position\":2,\"name\":\"#LastNormalPhoto rynku nieruchomo\u015bci. Co dalej?\"}]},{\"@type\":\"WebSite\",\"@id\":\"https:\/\/spotdata.pl\/blog\/#website\",\"url\":\"https:\/\/spotdata.pl\/blog\/\",\"name\":\"SpotData - Blog\",\"description\":\"\u0179r\u00f3d\u0142o wnikliwych analiz makroekonomicznych i bran\u017cowych.\",\"potentialAction\":[{\"@type\":\"SearchAction\",\"target\":{\"@type\":\"EntryPoint\",\"urlTemplate\":\"https:\/\/spotdata.pl\/blog\/?s={search_term_string}\"},\"query-input\":{\"@type\":\"PropertyValueSpecification\",\"valueRequired\":true,\"valueName\":\"search_term_string\"}}],\"inLanguage\":\"pl-PL\"},{\"@type\":\"Person\",\"@id\":\"https:\/\/spotdata.pl\/blog\/#\/schema\/person\/48fd006a74962b9a86ff5bba4b2ce239\",\"name\":\"I M\",\"image\":{\"@type\":\"ImageObject\",\"inLanguage\":\"pl-PL\",\"@id\":\"https:\/\/spotdata.pl\/blog\/#\/schema\/person\/image\/\",\"url\":\"https:\/\/secure.gravatar.com\/avatar\/c315bb1934ec26691dd14126e402c123?s=96&d=mm&r=g\",\"contentUrl\":\"https:\/\/secure.gravatar.com\/avatar\/c315bb1934ec26691dd14126e402c123?s=96&d=mm&r=g\",\"caption\":\"I M\"},\"url\":\"https:\/\/spotdata.pl\/blog\/author\/sdadmin\/\"}]}<\/script>\n<!-- \/ Yoast SEO plugin. -->","yoast_head_json":{"title":"#LastNormalPhoto rynku nieruchomo\u015bci. Co dalej? - SpotData - Blog","robots":{"index":"index","follow":"follow","max-snippet":"max-snippet:-1","max-image-preview":"max-image-preview:large","max-video-preview":"max-video-preview:-1"},"canonical":"https:\/\/spotdata.pl\/blog\/2020\/05\/20\/lastnormalphoto-rynku-nieruchomosci-co-dalej\/","og_locale":"pl_PL","og_type":"article","og_title":"#LastNormalPhoto rynku nieruchomo\u015bci. Co dalej? - SpotData - Blog","og_description":"NBP poda\u0142 dane o cenach nieruchomo\u015bci mieszkaniowych w pierwszym kwartale. To jest ostatnie zdj\u0119cie tego rynku sprzed kryzysu. Co\u015b jak #LastNormalPhoto, czyli akcja internetowa, w kt\u00f3rej ludzie zamieszczaj\u0105 swoje ostatnie zdj\u0119cia sprzed epidemii.\u00a0Co z cenami nieruchomo\u015bci stanie si\u0119 dalej? Pisa\u0142em par\u0119 tygodni temu, \u017ce bilans argument\u00f3w przemawia za spadkiem cen w reakcji na spadek popytu. &hellip; Czytaj dalej #LastNormalPhoto rynku nieruchomo\u015bci. Co dalej?","og_url":"https:\/\/spotdata.pl\/blog\/2020\/05\/20\/lastnormalphoto-rynku-nieruchomosci-co-dalej\/","og_site_name":"SpotData - Blog","article_published_time":"2020-05-20T07:20:27+00:00","og_image":[{"width":600,"height":600,"url":"https:\/\/spotdata.pl\/blog\/wp-content\/uploads\/2020\/05\/2020-05-20-mieszkania.png","type":"image\/png"}],"author":"I M","twitter_card":"summary_large_image","twitter_misc":{"Napisane przez":"I M","Szacowany czas czytania":"3 minuty"},"schema":{"@context":"https:\/\/schema.org","@graph":[{"@type":"WebPage","@id":"https:\/\/spotdata.pl\/blog\/2020\/05\/20\/lastnormalphoto-rynku-nieruchomosci-co-dalej\/","url":"https:\/\/spotdata.pl\/blog\/2020\/05\/20\/lastnormalphoto-rynku-nieruchomosci-co-dalej\/","name":"#LastNormalPhoto rynku nieruchomo\u015bci. Co dalej? - SpotData - Blog","isPartOf":{"@id":"https:\/\/spotdata.pl\/blog\/#website"},"primaryImageOfPage":{"@id":"https:\/\/spotdata.pl\/blog\/2020\/05\/20\/lastnormalphoto-rynku-nieruchomosci-co-dalej\/#primaryimage"},"image":{"@id":"https:\/\/spotdata.pl\/blog\/2020\/05\/20\/lastnormalphoto-rynku-nieruchomosci-co-dalej\/#primaryimage"},"thumbnailUrl":"https:\/\/spotdata.pl\/blog\/wp-content\/uploads\/2020\/05\/2020-05-20-mieszkania.png","datePublished":"2020-05-20T07:20:27+00:00","dateModified":"2020-05-20T07:20:27+00:00","author":{"@id":"https:\/\/spotdata.pl\/blog\/#\/schema\/person\/48fd006a74962b9a86ff5bba4b2ce239"},"breadcrumb":{"@id":"https:\/\/spotdata.pl\/blog\/2020\/05\/20\/lastnormalphoto-rynku-nieruchomosci-co-dalej\/#breadcrumb"},"inLanguage":"pl-PL","potentialAction":[{"@type":"ReadAction","target":["https:\/\/spotdata.pl\/blog\/2020\/05\/20\/lastnormalphoto-rynku-nieruchomosci-co-dalej\/"]}]},{"@type":"ImageObject","inLanguage":"pl-PL","@id":"https:\/\/spotdata.pl\/blog\/2020\/05\/20\/lastnormalphoto-rynku-nieruchomosci-co-dalej\/#primaryimage","url":"https:\/\/spotdata.pl\/blog\/wp-content\/uploads\/2020\/05\/2020-05-20-mieszkania.png","contentUrl":"https:\/\/spotdata.pl\/blog\/wp-content\/uploads\/2020\/05\/2020-05-20-mieszkania.png","width":600,"height":600},{"@type":"BreadcrumbList","@id":"https:\/\/spotdata.pl\/blog\/2020\/05\/20\/lastnormalphoto-rynku-nieruchomosci-co-dalej\/#breadcrumb","itemListElement":[{"@type":"ListItem","position":1,"name":"Strona g\u0142\u00f3wna","item":"https:\/\/spotdata.pl\/blog\/"},{"@type":"ListItem","position":2,"name":"#LastNormalPhoto rynku nieruchomo\u015bci. Co dalej?"}]},{"@type":"WebSite","@id":"https:\/\/spotdata.pl\/blog\/#website","url":"https:\/\/spotdata.pl\/blog\/","name":"SpotData - Blog","description":"\u0179r\u00f3d\u0142o wnikliwych analiz makroekonomicznych i bran\u017cowych.","potentialAction":[{"@type":"SearchAction","target":{"@type":"EntryPoint","urlTemplate":"https:\/\/spotdata.pl\/blog\/?s={search_term_string}"},"query-input":{"@type":"PropertyValueSpecification","valueRequired":true,"valueName":"search_term_string"}}],"inLanguage":"pl-PL"},{"@type":"Person","@id":"https:\/\/spotdata.pl\/blog\/#\/schema\/person\/48fd006a74962b9a86ff5bba4b2ce239","name":"I M","image":{"@type":"ImageObject","inLanguage":"pl-PL","@id":"https:\/\/spotdata.pl\/blog\/#\/schema\/person\/image\/","url":"https:\/\/secure.gravatar.com\/avatar\/c315bb1934ec26691dd14126e402c123?s=96&d=mm&r=g","contentUrl":"https:\/\/secure.gravatar.com\/avatar\/c315bb1934ec26691dd14126e402c123?s=96&d=mm&r=g","caption":"I M"},"url":"https:\/\/spotdata.pl\/blog\/author\/sdadmin\/"}]}},"_links":{"self":[{"href":"https:\/\/spotdata.pl\/blog\/wp-json\/wp\/v2\/posts\/1788"}],"collection":[{"href":"https:\/\/spotdata.pl\/blog\/wp-json\/wp\/v2\/posts"}],"about":[{"href":"https:\/\/spotdata.pl\/blog\/wp-json\/wp\/v2\/types\/post"}],"author":[{"embeddable":true,"href":"https:\/\/spotdata.pl\/blog\/wp-json\/wp\/v2\/users\/2"}],"replies":[{"embeddable":true,"href":"https:\/\/spotdata.pl\/blog\/wp-json\/wp\/v2\/comments?post=1788"}],"version-history":[{"count":1,"href":"https:\/\/spotdata.pl\/blog\/wp-json\/wp\/v2\/posts\/1788\/revisions"}],"predecessor-version":[{"id":1790,"href":"https:\/\/spotdata.pl\/blog\/wp-json\/wp\/v2\/posts\/1788\/revisions\/1790"}],"wp:featuredmedia":[{"embeddable":true,"href":"https:\/\/spotdata.pl\/blog\/wp-json\/wp\/v2\/media\/1789"}],"wp:attachment":[{"href":"https:\/\/spotdata.pl\/blog\/wp-json\/wp\/v2\/media?parent=1788"}],"wp:term":[{"taxonomy":"category","embeddable":true,"href":"https:\/\/spotdata.pl\/blog\/wp-json\/wp\/v2\/categories?post=1788"},{"taxonomy":"post_tag","embeddable":true,"href":"https:\/\/spotdata.pl\/blog\/wp-json\/wp\/v2\/tags?post=1788"}],"curies":[{"name":"wp","href":"https:\/\/api.w.org\/{rel}","templated":true}]}}