{"id":1777,"date":"2020-05-15T09:41:53","date_gmt":"2020-05-15T07:41:53","guid":{"rendered":"https:\/\/spotdata.pl\/blog\/?p=1777"},"modified":"2020-05-15T09:41:53","modified_gmt":"2020-05-15T07:41:53","slug":"eksport-do-niemiec-wzrosl-mimo-lockdownu","status":"publish","type":"post","link":"https:\/\/spotdata.pl\/blog\/2020\/05\/15\/eksport-do-niemiec-wzrosl-mimo-lockdownu\/","title":{"rendered":"Eksport do Niemiec wzr\u00f3s\u0142 mimo lockdownu"},"content":{"rendered":"<p style=\"text-align: justify;\">Handel zagraniczny Polski na kierunku W\u0142ochy\/Francja za\u0142ama\u0142 si\u0119. Ale jednocze\u015bnie handel w ramach Europy \u015arodkowej, z uwzgl\u0119dnieniem Niemiec, by\u0142 do\u015b\u0107 stabilny. Takie s\u0105 pierwsze wnioski z danych o handlu zagranicznym za marzec. Intryguj\u0105ca jest ta stabilno\u015b\u0107 handlu w naszym regionie, w warunkach za\u0142amania produkcji motoryzacyjnej.<\/p>\n<p style=\"text-align: justify;\">Ca\u0142y polski eksport towar\u00f3w spad\u0142 w marcu o 7,5 proc. rok do roku, a eksport us\u0142ug o 10,6 proc. (wed\u0142ug danych NBP) By\u0142y to oczywi\u015bcie najs\u0142absze odczyty od czas\u00f3w wielkiego kryzysu finansowego (towary) i kryzysu strefy euro (us\u0142ugi).<\/p>\n<p style=\"text-align: justify;\">Rozbicie geograficzne pokazuje jednak ogromne zr\u00f3\u017cnicowanie* w dynamice sprzeda\u017cy zagranicznej (wg danych GUS). Eksport do Niemiec wzr\u00f3s\u0142 w marcu w przybli\u017ceniu** o 2,5 proc. rok do roku, do Czech spad\u0142 tylko o 2,4 proc., za to eksport do Francji spad\u0142 a\u017c o 28 proc., a do W\u0142och o 23 proc. Co ciekawe, mocno wzr\u00f3s\u0142 eksport do Rosji.<\/p>\n<p style=\"text-align: justify;\">Wida\u0107 wi\u0119c, \u017ce Europa \u015arodkowo-Wschodnia jest mniej dotkni\u0119ta zaburzeniami aktywno\u015bci gospodarczej ni\u017c Europa Zachodnia. Oczywi\u015bcie dane za kolejne miesi\u0105ce mog\u0105 wygl\u0105da\u0107 inaczej. Zobaczymy, czy polscy dostawcy zostan\u0105 dotkni\u0119ci przez ewidentne pogorszenie perspektyw niemieckich producent\u00f3w na rynkach \u015bwiatowych.<\/p>\n<p style=\"text-align: justify;\"><strong>Chcia\u0142bym dzi\u015b Pa\u0144stwa zach\u0119ci\u0107 do subskrypcji PB Forecast, kt\u00f3ry przygotowuj\u0105 analitycy SpotData. Jest to codzienny serwis z najwa\u017cniejszymi danymi ekonomicznymi. Do wyboru mamy cztery serwisy: Makro UE (dla kraj\u00f3w Unii), Makro Wsch\u00f3d (dla Bia\u0142orusi, Rosji i Ukrainy), Opakowania (dla producent\u00f3w opakowa\u0144) i Metale (dla producent\u00f3w i dystrybutor\u00f3w metali). Teraz PB Forecast jest dost\u0119pny przez miesi\u0105c w promocyjnej cenie. Informacje znajd\u0105 Pa\u0144stwo na banerze poni\u017cej.<\/strong><\/p>\n<p style=\"text-align: justify;\">\n<a href=\"https:\/\/www.pb.pl\/forecast\/\" target=\"_blank\" rel=\"noopener\"><img loading=\"lazy\" decoding=\"async\" class=\"aligncenter\" src=\"https:\/\/ci5.googleusercontent.com\/proxy\/hbZTM2XR07Aq_nKXJ2Lo-uae5RuVdwUJCVCwfRGpNNmtfEqhqM8ThodRTBdVSRZBVDSdvNQjSEbpQGmgSv8h2Na78HfE9iaAmrmHH1jLj3tn8qXdJW9Pb9sSAhx327JPw639Aj79zdNrpfc8JK7Hhj8cyIl3iS1q0YWe=s0-d-e1-ft#https:\/\/s3-eu-west-1.amazonaws.com\/salesmanagoimg\/en2eym7pqp9kfwsq\/pgmgapee4kt1zmqs\/r2dycor9v9plat75.jpg\" alt=\"PB Forecast\" width=\"640\" height=\"154\" \/><\/a><\/p>\n<p style=\"text-align: justify;\"><em>*Dane o eksporcie og\u00f3\u0142em przedstawi\u0142em na podstawie statystyk NBP, kt\u00f3re s\u0105 w tym momencie dok\u0142adniejsze. Natomiast dane w rozbiciu geograficznym przedstawi\u0142em na podstawie statystyk GUS, kt\u00f3re w tym momencie s\u0105 mocno niedok\u0142adne **GUS poda\u0142 na razie dane tylko w zaokr\u0105gleniu do 100 mln euro, co oznacza, \u017ce finalnie dynamiki eksportu mog\u0105 si\u0119 r\u00f3\u017cni\u0107 nawet o kilka procent.<\/em><\/p>\n<p><img loading=\"lazy\" decoding=\"async\" class=\"alignnone size-full wp-image-1778\" src=\"https:\/\/spotdata.pl\/blog\/wp-content\/uploads\/2020\/05\/2020-05-15-eksport.png\" alt=\"\" width=\"600\" height=\"604\" srcset=\"https:\/\/spotdata.pl\/blog\/wp-content\/uploads\/2020\/05\/2020-05-15-eksport.png 600w, https:\/\/spotdata.pl\/blog\/wp-content\/uploads\/2020\/05\/2020-05-15-eksport-150x150.png 150w, https:\/\/spotdata.pl\/blog\/wp-content\/uploads\/2020\/05\/2020-05-15-eksport-298x300.png 298w, https:\/\/spotdata.pl\/blog\/wp-content\/uploads\/2020\/05\/2020-05-15-eksport-100x100.png 100w\" sizes=\"(max-width: 600px) 100vw, 600px\" \/><\/p>\n<p><img decoding=\"async\" src=\"https:\/\/ci4.googleusercontent.com\/proxy\/i2ojXWNf_FVBwa70m65RdJADBHHWUBIuMmtUkj0I8e2KGiF50TGU-FjnWd6eqr857Nl5CegXdiQ52Zbuxjg2m-fK_kpzHzei5oH1vLsdxLKryRg7V9_DsLT8HK9nADXgA5oIAuyLjNQQ_PcPuAXK360HhnUI0d5LajYb=s0-d-e1-ft#https:\/\/s3-eu-west-1.amazonaws.com\/salesmanagoimg\/en2eym7pqp9kfwsq\/8cb9esvj7p9vj11d\/g26tt1cbgwlg8hzw.png\" \/><\/p>\n<p><img decoding=\"async\" src=\"https:\/\/ci4.googleusercontent.com\/proxy\/Z-tDaJAooIP1s2w-ulz5IIOOot2lozg2Wdoxc1gAMF6nvcepTd66z55pi5MVBP3VNv4mzNA7VUXJt5DSSy4V5ntGNCyGcLRuut203Ck8xzVT4mqi_E8CYFlVg6VQNpbjSkEnE8rFPQFhuoKcImdW8ygWqQrMqt1cw7A2=s0-d-e1-ft#https:\/\/s3-eu-west-1.amazonaws.com\/salesmanagoimg\/en2eym7pqp9kfwsq\/8cb9esvj7p9vj11d\/qksbz1ftoaiihbhl.png\" \/><\/p>\n<p style=\"text-align: justify;\"><em>Powy\u017cszy tekst pochodzi z newslettera Dane Dnia prowadzonego przez Ignacego Morawskiego, dyrektora centrum analiz SpotData. Chcesz codziennie takie informacje na swoj\u0105 skrzynk\u0119?\u00a0<span style=\"text-decoration: underline; color: #ff6600;\"><a style=\"font-size: 17px; color: #ff6600; text-decoration: underline;\" href=\"http:\/\/newsletter.spotdata.pl\/\" target=\"_blank\" rel=\"noopener\">Zapisz si\u0119 na newsletter SpotData<\/a>.<\/span><\/em><\/p>\n<p>O Autorze:<\/p>\n<table>\n<tbody>\n<tr>\n<td style=\"width: 58.6094px;\"><img decoding=\"async\" class=\"CToWUd alignleft\" src=\"https:\/\/ci4.googleusercontent.com\/proxy\/bF44Xw7J-fMHWNk_-Bsh__Tl0aT5YgEmdMAP4cIN2Ew1ibEV5HeZiT2iyDxM9Q_QDBuwQ4uYZBhYOEpoQEwjesJ3mQv0CG_nWrsQJuxZVs_-HC7iPPhjmcmJC3QU0Bbspk063dhhTJ_tmGhoRg_BIcjDCK8q0eyuicTE=s0-d-e1-ft#https:\/\/s3-eu-west-1.amazonaws.com\/salesmanagoimg\/en2eym7pqp9kfwsq\/pgmgapee4kt1zmqs\/xxdpauc8ju617j1z.png\" alt=\"Ignacy Morawski\" width=\"114\" \/><\/td>\n<td style=\"width: 505.609px;\">\n<p style=\"text-align: center;\"><span style=\"font-size: 24px;\"><strong>Ignacy Morawski<\/strong><span style=\"font-size: 16px;\">,<\/span><\/span>\u00a0dyrektor centrum analiz\u00a0SpotData<\/p>\n<div class=\"row team\">\n<div class=\"col-md-20 col-sm-14 col-xs-18 txt\" style=\"text-align: justify;\">Ignacy Morawski jest pomys\u0142odawc\u0105 projektu i szefem zespo\u0142u SpotData. Przez wiele lat pracowa\u0142 w sektorze bankowym (WestLB, Polski Bank Przedsi\u0119biorczo\u015bci), gdzie pe\u0142ni\u0142 rol\u0119 g\u0142\u00f3wnego ekonomisty. W latach 2012-16 zdoby\u0142 wiele wyr\u00f3\u017cnie\u0144 w licznych rankingach, zajmuj\u0105c m.in. dwukrotnie miejsce na podium konkursu na najlepszego analityka makroekonomicznego organizowanego przez &#8222;Rzeczpospolit\u0105&#8221; i Narodowy Bank Polski. W 2017 roku znalaz\u0142 si\u0119 na li\u015bcie New Europe 100, wyr\u00f3\u017cniaj\u0105cej najbardziej innowacyjne osoby Europy \u015arodkowej, publikowanej przez &#8222;Financial Times&#8221;. Absolwent ekonomii na Uniwersytecie Bocconi w Mediolanie i nauk politycznych na Uniwersytecie Warszawskim.<\/div>\n<\/div>\n<div class=\"row team\">\n<div class=\"col-md-4 col-sm-10 col-xs-6\"><\/div>\n<\/div>\n<\/td>\n<\/tr>\n<\/tbody>\n<\/table>\n<p>&nbsp;<\/p>\n<p>&nbsp;<\/p>\n","protected":false},"excerpt":{"rendered":"<p>Handel zagraniczny Polski na kierunku W\u0142ochy\/Francja za\u0142ama\u0142 si\u0119. Ale jednocze\u015bnie handel w ramach Europy \u015arodkowej, z uwzgl\u0119dnieniem Niemiec, by\u0142 do\u015b\u0107 stabilny. Takie s\u0105 pierwsze wnioski z danych o handlu zagranicznym za marzec. Intryguj\u0105ca jest ta stabilno\u015b\u0107 handlu w naszym regionie, w warunkach za\u0142amania produkcji motoryzacyjnej. Ca\u0142y polski eksport towar\u00f3w spad\u0142 w marcu o 7,5 proc. &hellip; <\/p>\n<p class=\"link-more\"><a href=\"https:\/\/spotdata.pl\/blog\/2020\/05\/15\/eksport-do-niemiec-wzrosl-mimo-lockdownu\/\" class=\"more-link\">Czytaj dalej<span class=\"screen-reader-text\"> Eksport do Niemiec wzr\u00f3s\u0142 mimo lockdownu<\/span><\/a><\/p>\n","protected":false},"author":2,"featured_media":1778,"comment_status":"closed","ping_status":"closed","sticky":false,"template":"","format":"standard","meta":{"footnotes":""},"categories":[1],"tags":[1065,1022,76,6,959,964,1136,87,962,961,1074,1071,1070,1137,1110,243,33,1073,1024,1072],"class_list":["post-1777","post","type-post","status-publish","format-standard","has-post-thumbnail","hentry","category-bez-kategorii","tag-covid","tag-covid-19","tag-ekonomia","tag-eksport","tag-epidemia","tag-epidemia-a-gospodarka","tag-gieldy","tag-gospodarka","tag-konsekwencje-koronawirusa","tag-koronawirus","tag-koronawirus-ekonomia","tag-kwarantanna","tag-kwarantanna-gospodarka","tag-polska-zarazenia","tag-prognozy-epidemia","tag-prognozy-gospodarcze","tag-rynek-pracy","tag-wirus","tag-wplyw-koronawirusa-na-gospodarke","tag-wplyw-kwarantanny-na-gospodarke","layout-default"],"yoast_head":"<!-- This site is optimized with the Yoast SEO plugin v23.4 - https:\/\/yoast.com\/wordpress\/plugins\/seo\/ -->\n<title>Eksport do Niemiec wzr\u00f3s\u0142 mimo lockdownu - SpotData - Blog<\/title>\n<meta name=\"robots\" content=\"index, follow, max-snippet:-1, max-image-preview:large, max-video-preview:-1\" \/>\n<link rel=\"canonical\" href=\"https:\/\/spotdata.pl\/blog\/2020\/05\/15\/eksport-do-niemiec-wzrosl-mimo-lockdownu\/\" \/>\n<meta property=\"og:locale\" content=\"pl_PL\" \/>\n<meta property=\"og:type\" content=\"article\" \/>\n<meta property=\"og:title\" content=\"Eksport do Niemiec wzr\u00f3s\u0142 mimo lockdownu - SpotData - Blog\" \/>\n<meta property=\"og:description\" content=\"Handel zagraniczny Polski na kierunku W\u0142ochy\/Francja za\u0142ama\u0142 si\u0119. Ale jednocze\u015bnie handel w ramach Europy \u015arodkowej, z uwzgl\u0119dnieniem Niemiec, by\u0142 do\u015b\u0107 stabilny. Takie s\u0105 pierwsze wnioski z danych o handlu zagranicznym za marzec. Intryguj\u0105ca jest ta stabilno\u015b\u0107 handlu w naszym regionie, w warunkach za\u0142amania produkcji motoryzacyjnej. Ca\u0142y polski eksport towar\u00f3w spad\u0142 w marcu o 7,5 proc. &hellip; Czytaj dalej Eksport do Niemiec wzr\u00f3s\u0142 mimo lockdownu\" \/>\n<meta property=\"og:url\" content=\"https:\/\/spotdata.pl\/blog\/2020\/05\/15\/eksport-do-niemiec-wzrosl-mimo-lockdownu\/\" \/>\n<meta property=\"og:site_name\" content=\"SpotData - Blog\" \/>\n<meta property=\"article:published_time\" content=\"2020-05-15T07:41:53+00:00\" \/>\n<meta property=\"og:image\" content=\"https:\/\/spotdata.pl\/blog\/wp-content\/uploads\/2020\/05\/2020-05-15-eksport.png\" \/>\n\t<meta property=\"og:image:width\" content=\"600\" \/>\n\t<meta property=\"og:image:height\" content=\"604\" \/>\n\t<meta property=\"og:image:type\" content=\"image\/png\" \/>\n<meta name=\"author\" content=\"I M\" \/>\n<meta name=\"twitter:card\" content=\"summary_large_image\" \/>\n<meta name=\"twitter:label1\" content=\"Napisane przez\" \/>\n\t<meta name=\"twitter:data1\" content=\"I M\" \/>\n\t<meta name=\"twitter:label2\" content=\"Szacowany czas czytania\" \/>\n\t<meta name=\"twitter:data2\" content=\"2 minuty\" \/>\n<script type=\"application\/ld+json\" class=\"yoast-schema-graph\">{\"@context\":\"https:\/\/schema.org\",\"@graph\":[{\"@type\":\"WebPage\",\"@id\":\"https:\/\/spotdata.pl\/blog\/2020\/05\/15\/eksport-do-niemiec-wzrosl-mimo-lockdownu\/\",\"url\":\"https:\/\/spotdata.pl\/blog\/2020\/05\/15\/eksport-do-niemiec-wzrosl-mimo-lockdownu\/\",\"name\":\"Eksport do Niemiec wzr\u00f3s\u0142 mimo lockdownu - SpotData - Blog\",\"isPartOf\":{\"@id\":\"https:\/\/spotdata.pl\/blog\/#website\"},\"primaryImageOfPage\":{\"@id\":\"https:\/\/spotdata.pl\/blog\/2020\/05\/15\/eksport-do-niemiec-wzrosl-mimo-lockdownu\/#primaryimage\"},\"image\":{\"@id\":\"https:\/\/spotdata.pl\/blog\/2020\/05\/15\/eksport-do-niemiec-wzrosl-mimo-lockdownu\/#primaryimage\"},\"thumbnailUrl\":\"https:\/\/spotdata.pl\/blog\/wp-content\/uploads\/2020\/05\/2020-05-15-eksport.png\",\"datePublished\":\"2020-05-15T07:41:53+00:00\",\"dateModified\":\"2020-05-15T07:41:53+00:00\",\"author\":{\"@id\":\"https:\/\/spotdata.pl\/blog\/#\/schema\/person\/48fd006a74962b9a86ff5bba4b2ce239\"},\"breadcrumb\":{\"@id\":\"https:\/\/spotdata.pl\/blog\/2020\/05\/15\/eksport-do-niemiec-wzrosl-mimo-lockdownu\/#breadcrumb\"},\"inLanguage\":\"pl-PL\",\"potentialAction\":[{\"@type\":\"ReadAction\",\"target\":[\"https:\/\/spotdata.pl\/blog\/2020\/05\/15\/eksport-do-niemiec-wzrosl-mimo-lockdownu\/\"]}]},{\"@type\":\"ImageObject\",\"inLanguage\":\"pl-PL\",\"@id\":\"https:\/\/spotdata.pl\/blog\/2020\/05\/15\/eksport-do-niemiec-wzrosl-mimo-lockdownu\/#primaryimage\",\"url\":\"https:\/\/spotdata.pl\/blog\/wp-content\/uploads\/2020\/05\/2020-05-15-eksport.png\",\"contentUrl\":\"https:\/\/spotdata.pl\/blog\/wp-content\/uploads\/2020\/05\/2020-05-15-eksport.png\",\"width\":600,\"height\":604},{\"@type\":\"BreadcrumbList\",\"@id\":\"https:\/\/spotdata.pl\/blog\/2020\/05\/15\/eksport-do-niemiec-wzrosl-mimo-lockdownu\/#breadcrumb\",\"itemListElement\":[{\"@type\":\"ListItem\",\"position\":1,\"name\":\"Strona g\u0142\u00f3wna\",\"item\":\"https:\/\/spotdata.pl\/blog\/\"},{\"@type\":\"ListItem\",\"position\":2,\"name\":\"Eksport do&nbsp;Niemiec wzr\u00f3s\u0142 mimo lockdownu\"}]},{\"@type\":\"WebSite\",\"@id\":\"https:\/\/spotdata.pl\/blog\/#website\",\"url\":\"https:\/\/spotdata.pl\/blog\/\",\"name\":\"SpotData - Blog\",\"description\":\"\u0179r\u00f3d\u0142o wnikliwych analiz makroekonomicznych i bran\u017cowych.\",\"potentialAction\":[{\"@type\":\"SearchAction\",\"target\":{\"@type\":\"EntryPoint\",\"urlTemplate\":\"https:\/\/spotdata.pl\/blog\/?s={search_term_string}\"},\"query-input\":{\"@type\":\"PropertyValueSpecification\",\"valueRequired\":true,\"valueName\":\"search_term_string\"}}],\"inLanguage\":\"pl-PL\"},{\"@type\":\"Person\",\"@id\":\"https:\/\/spotdata.pl\/blog\/#\/schema\/person\/48fd006a74962b9a86ff5bba4b2ce239\",\"name\":\"I M\",\"image\":{\"@type\":\"ImageObject\",\"inLanguage\":\"pl-PL\",\"@id\":\"https:\/\/spotdata.pl\/blog\/#\/schema\/person\/image\/\",\"url\":\"https:\/\/secure.gravatar.com\/avatar\/c315bb1934ec26691dd14126e402c123?s=96&d=mm&r=g\",\"contentUrl\":\"https:\/\/secure.gravatar.com\/avatar\/c315bb1934ec26691dd14126e402c123?s=96&d=mm&r=g\",\"caption\":\"I M\"},\"url\":\"https:\/\/spotdata.pl\/blog\/author\/sdadmin\/\"}]}<\/script>\n<!-- \/ Yoast SEO plugin. -->","yoast_head_json":{"title":"Eksport do Niemiec wzr\u00f3s\u0142 mimo lockdownu - SpotData - Blog","robots":{"index":"index","follow":"follow","max-snippet":"max-snippet:-1","max-image-preview":"max-image-preview:large","max-video-preview":"max-video-preview:-1"},"canonical":"https:\/\/spotdata.pl\/blog\/2020\/05\/15\/eksport-do-niemiec-wzrosl-mimo-lockdownu\/","og_locale":"pl_PL","og_type":"article","og_title":"Eksport do Niemiec wzr\u00f3s\u0142 mimo lockdownu - SpotData - Blog","og_description":"Handel zagraniczny Polski na kierunku W\u0142ochy\/Francja za\u0142ama\u0142 si\u0119. Ale jednocze\u015bnie handel w ramach Europy \u015arodkowej, z uwzgl\u0119dnieniem Niemiec, by\u0142 do\u015b\u0107 stabilny. Takie s\u0105 pierwsze wnioski z danych o handlu zagranicznym za marzec. Intryguj\u0105ca jest ta stabilno\u015b\u0107 handlu w naszym regionie, w warunkach za\u0142amania produkcji motoryzacyjnej. Ca\u0142y polski eksport towar\u00f3w spad\u0142 w marcu o 7,5 proc. &hellip; Czytaj dalej Eksport do Niemiec wzr\u00f3s\u0142 mimo lockdownu","og_url":"https:\/\/spotdata.pl\/blog\/2020\/05\/15\/eksport-do-niemiec-wzrosl-mimo-lockdownu\/","og_site_name":"SpotData - Blog","article_published_time":"2020-05-15T07:41:53+00:00","og_image":[{"width":600,"height":604,"url":"https:\/\/spotdata.pl\/blog\/wp-content\/uploads\/2020\/05\/2020-05-15-eksport.png","type":"image\/png"}],"author":"I M","twitter_card":"summary_large_image","twitter_misc":{"Napisane przez":"I M","Szacowany czas czytania":"2 minuty"},"schema":{"@context":"https:\/\/schema.org","@graph":[{"@type":"WebPage","@id":"https:\/\/spotdata.pl\/blog\/2020\/05\/15\/eksport-do-niemiec-wzrosl-mimo-lockdownu\/","url":"https:\/\/spotdata.pl\/blog\/2020\/05\/15\/eksport-do-niemiec-wzrosl-mimo-lockdownu\/","name":"Eksport do Niemiec wzr\u00f3s\u0142 mimo lockdownu - SpotData - Blog","isPartOf":{"@id":"https:\/\/spotdata.pl\/blog\/#website"},"primaryImageOfPage":{"@id":"https:\/\/spotdata.pl\/blog\/2020\/05\/15\/eksport-do-niemiec-wzrosl-mimo-lockdownu\/#primaryimage"},"image":{"@id":"https:\/\/spotdata.pl\/blog\/2020\/05\/15\/eksport-do-niemiec-wzrosl-mimo-lockdownu\/#primaryimage"},"thumbnailUrl":"https:\/\/spotdata.pl\/blog\/wp-content\/uploads\/2020\/05\/2020-05-15-eksport.png","datePublished":"2020-05-15T07:41:53+00:00","dateModified":"2020-05-15T07:41:53+00:00","author":{"@id":"https:\/\/spotdata.pl\/blog\/#\/schema\/person\/48fd006a74962b9a86ff5bba4b2ce239"},"breadcrumb":{"@id":"https:\/\/spotdata.pl\/blog\/2020\/05\/15\/eksport-do-niemiec-wzrosl-mimo-lockdownu\/#breadcrumb"},"inLanguage":"pl-PL","potentialAction":[{"@type":"ReadAction","target":["https:\/\/spotdata.pl\/blog\/2020\/05\/15\/eksport-do-niemiec-wzrosl-mimo-lockdownu\/"]}]},{"@type":"ImageObject","inLanguage":"pl-PL","@id":"https:\/\/spotdata.pl\/blog\/2020\/05\/15\/eksport-do-niemiec-wzrosl-mimo-lockdownu\/#primaryimage","url":"https:\/\/spotdata.pl\/blog\/wp-content\/uploads\/2020\/05\/2020-05-15-eksport.png","contentUrl":"https:\/\/spotdata.pl\/blog\/wp-content\/uploads\/2020\/05\/2020-05-15-eksport.png","width":600,"height":604},{"@type":"BreadcrumbList","@id":"https:\/\/spotdata.pl\/blog\/2020\/05\/15\/eksport-do-niemiec-wzrosl-mimo-lockdownu\/#breadcrumb","itemListElement":[{"@type":"ListItem","position":1,"name":"Strona g\u0142\u00f3wna","item":"https:\/\/spotdata.pl\/blog\/"},{"@type":"ListItem","position":2,"name":"Eksport do&nbsp;Niemiec wzr\u00f3s\u0142 mimo lockdownu"}]},{"@type":"WebSite","@id":"https:\/\/spotdata.pl\/blog\/#website","url":"https:\/\/spotdata.pl\/blog\/","name":"SpotData - Blog","description":"\u0179r\u00f3d\u0142o wnikliwych analiz makroekonomicznych i bran\u017cowych.","potentialAction":[{"@type":"SearchAction","target":{"@type":"EntryPoint","urlTemplate":"https:\/\/spotdata.pl\/blog\/?s={search_term_string}"},"query-input":{"@type":"PropertyValueSpecification","valueRequired":true,"valueName":"search_term_string"}}],"inLanguage":"pl-PL"},{"@type":"Person","@id":"https:\/\/spotdata.pl\/blog\/#\/schema\/person\/48fd006a74962b9a86ff5bba4b2ce239","name":"I M","image":{"@type":"ImageObject","inLanguage":"pl-PL","@id":"https:\/\/spotdata.pl\/blog\/#\/schema\/person\/image\/","url":"https:\/\/secure.gravatar.com\/avatar\/c315bb1934ec26691dd14126e402c123?s=96&d=mm&r=g","contentUrl":"https:\/\/secure.gravatar.com\/avatar\/c315bb1934ec26691dd14126e402c123?s=96&d=mm&r=g","caption":"I M"},"url":"https:\/\/spotdata.pl\/blog\/author\/sdadmin\/"}]}},"_links":{"self":[{"href":"https:\/\/spotdata.pl\/blog\/wp-json\/wp\/v2\/posts\/1777"}],"collection":[{"href":"https:\/\/spotdata.pl\/blog\/wp-json\/wp\/v2\/posts"}],"about":[{"href":"https:\/\/spotdata.pl\/blog\/wp-json\/wp\/v2\/types\/post"}],"author":[{"embeddable":true,"href":"https:\/\/spotdata.pl\/blog\/wp-json\/wp\/v2\/users\/2"}],"replies":[{"embeddable":true,"href":"https:\/\/spotdata.pl\/blog\/wp-json\/wp\/v2\/comments?post=1777"}],"version-history":[{"count":2,"href":"https:\/\/spotdata.pl\/blog\/wp-json\/wp\/v2\/posts\/1777\/revisions"}],"predecessor-version":[{"id":1780,"href":"https:\/\/spotdata.pl\/blog\/wp-json\/wp\/v2\/posts\/1777\/revisions\/1780"}],"wp:featuredmedia":[{"embeddable":true,"href":"https:\/\/spotdata.pl\/blog\/wp-json\/wp\/v2\/media\/1778"}],"wp:attachment":[{"href":"https:\/\/spotdata.pl\/blog\/wp-json\/wp\/v2\/media?parent=1777"}],"wp:term":[{"taxonomy":"category","embeddable":true,"href":"https:\/\/spotdata.pl\/blog\/wp-json\/wp\/v2\/categories?post=1777"},{"taxonomy":"post_tag","embeddable":true,"href":"https:\/\/spotdata.pl\/blog\/wp-json\/wp\/v2\/tags?post=1777"}],"curies":[{"name":"wp","href":"https:\/\/api.w.org\/{rel}","templated":true}]}}