{"id":1754,"date":"2020-05-08T10:03:54","date_gmt":"2020-05-08T08:03:54","guid":{"rendered":"https:\/\/spotdata.pl\/blog\/?p=1754"},"modified":"2020-05-08T10:03:54","modified_gmt":"2020-05-08T08:03:54","slug":"polska-doklada-do-pieca-prawie-najmocniej-wsrod-krajow-ue","status":"publish","type":"post","link":"https:\/\/spotdata.pl\/blog\/2020\/05\/08\/polska-doklada-do-pieca-prawie-najmocniej-wsrod-krajow-ue\/","title":{"rendered":"Polska dok\u0142ada do pieca prawie najmocniej w\u015br\u00f3d kraj\u00f3w UE"},"content":{"rendered":"<p style=\"text-align: justify;\">Analizy Komisji Europejskiej wskazuj\u0105, \u017ce Polska zastosowa\u0142a prawie najwi\u0119kszy (w relacji do PKB) program wsparcia fiskalnego gospodarki w\u015br\u00f3d wszystkich kraj\u00f3w Unii Europejskiej. Jest to sprzeczne z intuicj\u0105, kt\u00f3ra podpowiada, \u017ce najwi\u0119ksze zdolno\u015bci fiskalne powinny mie\u0107 kraje najbardziej wiarygodne, a mniejsze \u2013 rynki wschodz\u0105ce. Ale\u00a0<strong>zdarza si\u0119 to przecie\u017c nie pierwszy raz. W latach 2008-2009 Polska nale\u017ca\u0142a do kraj\u00f3w o najwi\u0119kszej stymulacji fiskalnej. I dobrze na tym wyszli\u015bmy. Mo\u017cemy mie\u0107 nadziej\u0119, \u017ce tym razem b\u0119dzie podobnie.<\/strong><\/p>\n<p style=\"text-align: justify;\">Wielko\u015b\u0107 wsparcia bud\u017cetowego dla gospodarki mierzy\u0107 jako zmian\u0119 deficytu sektora instytucji rz\u0105dowych i samorz\u0105dowych mi\u0119dzy 2019 i 2020 r. Najlepiej po odj\u0119ciu koszt\u00f3w obs\u0142ugi d\u0142ugu i efekt\u00f3w cyklicznych. Chodzi zatem o zmian\u0119 wska\u017anika, kt\u00f3ry fachowo nazywa si\u0119 cyklicznie wyr\u00f3wnanym bilansem pierwotnym.<\/p>\n<p style=\"text-align: justify;\"><strong>Prognozy Komisji Europejskiej wskazuj\u0105, \u017ce tak mierzona stymulacja fiskalna b\u0119dzie w Polsce drug\u0105 najwi\u0119ksz\u0105 w krajach UE. Powi\u0119kszymy wska\u017anik deficytu do PKB a\u017c o 5,4 pkt proc., podczas gdy \u015brednia dla Unii Europejskiej wynosi 3,6 proc. Znale\u017ali\u015bmy si\u0119 te\u017c w do\u015b\u0107 zaszczytnym gronie \u2013 mi\u0119dzy Dani\u0105 a Niemcami, krajami z najwy\u017csz\u0105 wiarygodno\u015bci\u0105 kredytow\u0105.<\/strong><\/p>\n<p style=\"text-align: justify;\">Czy to dobrze? S\u0105dz\u0119, \u017ce dobrze. Kryzys jest g\u0142\u0119boki i to nie jest czas na oszcz\u0119dzanie w bud\u017cecie. Gospodarstwa domowe zacz\u0119\u0142y mocno oszcz\u0119dza\u0107, wi\u0119c je\u017celi rz\u0105d nie zr\u00f3wnowa\u017cy tego skokowym wzrostem deficytu (czyli ujemnych oszcz\u0119dno\u015bci) to dojdzie do gigantycznego wzrostu bezrobocia. A mamy w miar\u0119 zdrow\u0105 struktur\u0119 gospodarki, o kt\u00f3r\u0105 warto walczy\u0107.<\/p>\n<p style=\"text-align: justify;\">Tak mocne i szybkie powi\u0119kszenie deficytu na pewno niesie ze sob\u0105 ryzyka. Ale dzi\u015b nie ma wybor\u00f3w bez du\u017cego ryzyka.<\/p>\n<p>\u00a0<img loading=\"lazy\" decoding=\"async\" class=\"alignnone size-full wp-image-1756\" src=\"https:\/\/spotdata.pl\/blog\/wp-content\/uploads\/2020\/05\/2020-05-08-ke.png\" alt=\"\" width=\"600\" height=\"365\" srcset=\"https:\/\/spotdata.pl\/blog\/wp-content\/uploads\/2020\/05\/2020-05-08-ke.png 600w, https:\/\/spotdata.pl\/blog\/wp-content\/uploads\/2020\/05\/2020-05-08-ke-300x183.png 300w\" sizes=\"(max-width: 600px) 100vw, 600px\" \/><\/p>\n<p><img loading=\"lazy\" decoding=\"async\" class=\"alignnone size-full wp-image-1755\" src=\"https:\/\/spotdata.pl\/blog\/wp-content\/uploads\/2020\/05\/2020-05-08-covid.png\" alt=\"\" width=\"600\" height=\"400\" srcset=\"https:\/\/spotdata.pl\/blog\/wp-content\/uploads\/2020\/05\/2020-05-08-covid.png 600w, https:\/\/spotdata.pl\/blog\/wp-content\/uploads\/2020\/05\/2020-05-08-covid-300x200.png 300w\" sizes=\"(max-width: 600px) 100vw, 600px\" \/><\/p>\n<p>O Autorze:<\/p>\n<table>\n<tbody>\n<tr>\n<td style=\"width: 58.6094px;\"><img decoding=\"async\" class=\"CToWUd alignleft\" src=\"https:\/\/ci4.googleusercontent.com\/proxy\/bF44Xw7J-fMHWNk_-Bsh__Tl0aT5YgEmdMAP4cIN2Ew1ibEV5HeZiT2iyDxM9Q_QDBuwQ4uYZBhYOEpoQEwjesJ3mQv0CG_nWrsQJuxZVs_-HC7iPPhjmcmJC3QU0Bbspk063dhhTJ_tmGhoRg_BIcjDCK8q0eyuicTE=s0-d-e1-ft#https:\/\/s3-eu-west-1.amazonaws.com\/salesmanagoimg\/en2eym7pqp9kfwsq\/pgmgapee4kt1zmqs\/xxdpauc8ju617j1z.png\" alt=\"Ignacy Morawski\" width=\"114\" \/><\/td>\n<td style=\"width: 505.609px;\">\n<p style=\"text-align: center;\"><span style=\"font-size: 24px;\"><strong>Ignacy Morawski<\/strong><span style=\"font-size: 16px;\">,<\/span><\/span>\u00a0dyrektor centrum analiz\u00a0SpotData<\/p>\n<div class=\"row team\">\n<div class=\"col-md-20 col-sm-14 col-xs-18 txt\" style=\"text-align: justify;\">Ignacy Morawski jest pomys\u0142odawc\u0105 projektu i szefem zespo\u0142u SpotData. Przez wiele lat pracowa\u0142 w sektorze bankowym (WestLB, Polski Bank Przedsi\u0119biorczo\u015bci), gdzie pe\u0142ni\u0142 rol\u0119 g\u0142\u00f3wnego ekonomisty. W latach 2012-16 zdoby\u0142 wiele wyr\u00f3\u017cnie\u0144 w licznych rankingach, zajmuj\u0105c m.in. dwukrotnie miejsce na podium konkursu na najlepszego analityka makroekonomicznego organizowanego przez &#8222;Rzeczpospolit\u0105&#8221; i Narodowy Bank Polski. W 2017 roku znalaz\u0142 si\u0119 na li\u015bcie New Europe 100, wyr\u00f3\u017cniaj\u0105cej najbardziej innowacyjne osoby Europy \u015arodkowej, publikowanej przez &#8222;Financial Times&#8221;. Absolwent ekonomii na Uniwersytecie Bocconi w Mediolanie i nauk politycznych na Uniwersytecie Warszawskim.<\/div>\n<\/div>\n<div class=\"row team\">\n<div class=\"col-md-4 col-sm-10 col-xs-6\"><\/div>\n<\/div>\n<\/td>\n<\/tr>\n<\/tbody>\n<\/table>\n<p>&nbsp;<\/p>\n","protected":false},"excerpt":{"rendered":"<p>Analizy Komisji Europejskiej wskazuj\u0105, \u017ce Polska zastosowa\u0142a prawie najwi\u0119kszy (w relacji do PKB) program wsparcia fiskalnego gospodarki w\u015br\u00f3d wszystkich kraj\u00f3w Unii Europejskiej. Jest to sprzeczne z intuicj\u0105, kt\u00f3ra podpowiada, \u017ce najwi\u0119ksze zdolno\u015bci fiskalne powinny mie\u0107 kraje najbardziej wiarygodne, a mniejsze \u2013 rynki wschodz\u0105ce. Ale\u00a0zdarza si\u0119 to przecie\u017c nie pierwszy raz. W latach 2008-2009 Polska nale\u017ca\u0142a &hellip; <\/p>\n<p class=\"link-more\"><a href=\"https:\/\/spotdata.pl\/blog\/2020\/05\/08\/polska-doklada-do-pieca-prawie-najmocniej-wsrod-krajow-ue\/\" class=\"more-link\">Czytaj dalej<span class=\"screen-reader-text\"> Polska dok\u0142ada do pieca prawie najmocniej w\u015br\u00f3d kraj\u00f3w UE<\/span><\/a><\/p>\n","protected":false},"author":2,"featured_media":1756,"comment_status":"closed","ping_status":"closed","sticky":false,"template":"","format":"standard","meta":{"footnotes":""},"categories":[1],"tags":[253,1125,1126,1065,1022,76,959,964,87,39,962,336,961,1074,1071,1070,258,1134,1133,14,1135,1110,243,834,1089,33,1105,1073,1044,1024,1072],"class_list":["post-1754","post","type-post","status-publish","format-standard","has-post-thumbnail","hentry","category-bez-kategorii","tag-bezrobocie","tag-branze-covid","tag-branze-straca-na-epidemii","tag-covid","tag-covid-19","tag-ekonomia","tag-epidemia","tag-epidemia-a-gospodarka","tag-gospodarka","tag-inflacja","tag-konsekwencje-koronawirusa","tag-konsumpcja","tag-koronawirus","tag-koronawirus-ekonomia","tag-kwarantanna","tag-kwarantanna-gospodarka","tag-motoryzacja","tag-oczekiwania-adaptacyjne","tag-oczekiwania-inflacyjne","tag-pkb","tag-prognozy-covid","tag-prognozy-epidemia","tag-prognozy-gospodarcze","tag-prognozy-komisji-europejskiej","tag-pse","tag-rynek-pracy","tag-tarcza-antykryzysowa","tag-wirus","tag-wirus-z-wuhan","tag-wplyw-koronawirusa-na-gospodarke","tag-wplyw-kwarantanny-na-gospodarke","layout-default"],"yoast_head":"<!-- This site is optimized with the Yoast SEO plugin v23.4 - https:\/\/yoast.com\/wordpress\/plugins\/seo\/ -->\n<title>Polska dok\u0142ada do pieca prawie najmocniej w\u015br\u00f3d kraj\u00f3w UE - SpotData - Blog<\/title>\n<meta name=\"robots\" content=\"index, follow, max-snippet:-1, max-image-preview:large, max-video-preview:-1\" \/>\n<link rel=\"canonical\" href=\"https:\/\/spotdata.pl\/blog\/2020\/05\/08\/polska-doklada-do-pieca-prawie-najmocniej-wsrod-krajow-ue\/\" \/>\n<meta property=\"og:locale\" content=\"pl_PL\" \/>\n<meta property=\"og:type\" content=\"article\" \/>\n<meta property=\"og:title\" content=\"Polska dok\u0142ada do pieca prawie najmocniej w\u015br\u00f3d kraj\u00f3w UE - SpotData - Blog\" \/>\n<meta property=\"og:description\" content=\"Analizy Komisji Europejskiej wskazuj\u0105, \u017ce Polska zastosowa\u0142a prawie najwi\u0119kszy (w relacji do PKB) program wsparcia fiskalnego gospodarki w\u015br\u00f3d wszystkich kraj\u00f3w Unii Europejskiej. Jest to sprzeczne z intuicj\u0105, kt\u00f3ra podpowiada, \u017ce najwi\u0119ksze zdolno\u015bci fiskalne powinny mie\u0107 kraje najbardziej wiarygodne, a mniejsze \u2013 rynki wschodz\u0105ce. Ale\u00a0zdarza si\u0119 to przecie\u017c nie pierwszy raz. W latach 2008-2009 Polska nale\u017ca\u0142a &hellip; Czytaj dalej Polska dok\u0142ada do pieca prawie najmocniej w\u015br\u00f3d kraj\u00f3w UE\" \/>\n<meta property=\"og:url\" content=\"https:\/\/spotdata.pl\/blog\/2020\/05\/08\/polska-doklada-do-pieca-prawie-najmocniej-wsrod-krajow-ue\/\" \/>\n<meta property=\"og:site_name\" content=\"SpotData - Blog\" \/>\n<meta property=\"article:published_time\" content=\"2020-05-08T08:03:54+00:00\" \/>\n<meta property=\"og:image\" content=\"https:\/\/spotdata.pl\/blog\/wp-content\/uploads\/2020\/05\/2020-05-08-ke.png\" \/>\n\t<meta property=\"og:image:width\" content=\"600\" \/>\n\t<meta property=\"og:image:height\" content=\"365\" \/>\n\t<meta property=\"og:image:type\" content=\"image\/png\" \/>\n<meta name=\"author\" content=\"I M\" \/>\n<meta name=\"twitter:card\" content=\"summary_large_image\" \/>\n<meta name=\"twitter:label1\" content=\"Napisane przez\" \/>\n\t<meta name=\"twitter:data1\" content=\"I M\" \/>\n\t<meta name=\"twitter:label2\" content=\"Szacowany czas czytania\" \/>\n\t<meta name=\"twitter:data2\" content=\"2 minuty\" \/>\n<script type=\"application\/ld+json\" class=\"yoast-schema-graph\">{\"@context\":\"https:\/\/schema.org\",\"@graph\":[{\"@type\":\"WebPage\",\"@id\":\"https:\/\/spotdata.pl\/blog\/2020\/05\/08\/polska-doklada-do-pieca-prawie-najmocniej-wsrod-krajow-ue\/\",\"url\":\"https:\/\/spotdata.pl\/blog\/2020\/05\/08\/polska-doklada-do-pieca-prawie-najmocniej-wsrod-krajow-ue\/\",\"name\":\"Polska dok\u0142ada do pieca prawie najmocniej w\u015br\u00f3d kraj\u00f3w UE - SpotData - Blog\",\"isPartOf\":{\"@id\":\"https:\/\/spotdata.pl\/blog\/#website\"},\"primaryImageOfPage\":{\"@id\":\"https:\/\/spotdata.pl\/blog\/2020\/05\/08\/polska-doklada-do-pieca-prawie-najmocniej-wsrod-krajow-ue\/#primaryimage\"},\"image\":{\"@id\":\"https:\/\/spotdata.pl\/blog\/2020\/05\/08\/polska-doklada-do-pieca-prawie-najmocniej-wsrod-krajow-ue\/#primaryimage\"},\"thumbnailUrl\":\"https:\/\/spotdata.pl\/blog\/wp-content\/uploads\/2020\/05\/2020-05-08-ke.png\",\"datePublished\":\"2020-05-08T08:03:54+00:00\",\"dateModified\":\"2020-05-08T08:03:54+00:00\",\"author\":{\"@id\":\"https:\/\/spotdata.pl\/blog\/#\/schema\/person\/48fd006a74962b9a86ff5bba4b2ce239\"},\"breadcrumb\":{\"@id\":\"https:\/\/spotdata.pl\/blog\/2020\/05\/08\/polska-doklada-do-pieca-prawie-najmocniej-wsrod-krajow-ue\/#breadcrumb\"},\"inLanguage\":\"pl-PL\",\"potentialAction\":[{\"@type\":\"ReadAction\",\"target\":[\"https:\/\/spotdata.pl\/blog\/2020\/05\/08\/polska-doklada-do-pieca-prawie-najmocniej-wsrod-krajow-ue\/\"]}]},{\"@type\":\"ImageObject\",\"inLanguage\":\"pl-PL\",\"@id\":\"https:\/\/spotdata.pl\/blog\/2020\/05\/08\/polska-doklada-do-pieca-prawie-najmocniej-wsrod-krajow-ue\/#primaryimage\",\"url\":\"https:\/\/spotdata.pl\/blog\/wp-content\/uploads\/2020\/05\/2020-05-08-ke.png\",\"contentUrl\":\"https:\/\/spotdata.pl\/blog\/wp-content\/uploads\/2020\/05\/2020-05-08-ke.png\",\"width\":600,\"height\":365},{\"@type\":\"BreadcrumbList\",\"@id\":\"https:\/\/spotdata.pl\/blog\/2020\/05\/08\/polska-doklada-do-pieca-prawie-najmocniej-wsrod-krajow-ue\/#breadcrumb\",\"itemListElement\":[{\"@type\":\"ListItem\",\"position\":1,\"name\":\"Strona g\u0142\u00f3wna\",\"item\":\"https:\/\/spotdata.pl\/blog\/\"},{\"@type\":\"ListItem\",\"position\":2,\"name\":\"Polska dok\u0142ada do&nbsp;pieca prawie najmocniej w\u015br\u00f3d kraj\u00f3w UE\"}]},{\"@type\":\"WebSite\",\"@id\":\"https:\/\/spotdata.pl\/blog\/#website\",\"url\":\"https:\/\/spotdata.pl\/blog\/\",\"name\":\"SpotData - Blog\",\"description\":\"\u0179r\u00f3d\u0142o wnikliwych analiz makroekonomicznych i bran\u017cowych.\",\"potentialAction\":[{\"@type\":\"SearchAction\",\"target\":{\"@type\":\"EntryPoint\",\"urlTemplate\":\"https:\/\/spotdata.pl\/blog\/?s={search_term_string}\"},\"query-input\":{\"@type\":\"PropertyValueSpecification\",\"valueRequired\":true,\"valueName\":\"search_term_string\"}}],\"inLanguage\":\"pl-PL\"},{\"@type\":\"Person\",\"@id\":\"https:\/\/spotdata.pl\/blog\/#\/schema\/person\/48fd006a74962b9a86ff5bba4b2ce239\",\"name\":\"I M\",\"image\":{\"@type\":\"ImageObject\",\"inLanguage\":\"pl-PL\",\"@id\":\"https:\/\/spotdata.pl\/blog\/#\/schema\/person\/image\/\",\"url\":\"https:\/\/secure.gravatar.com\/avatar\/c315bb1934ec26691dd14126e402c123?s=96&d=mm&r=g\",\"contentUrl\":\"https:\/\/secure.gravatar.com\/avatar\/c315bb1934ec26691dd14126e402c123?s=96&d=mm&r=g\",\"caption\":\"I M\"},\"url\":\"https:\/\/spotdata.pl\/blog\/author\/sdadmin\/\"}]}<\/script>\n<!-- \/ Yoast SEO plugin. -->","yoast_head_json":{"title":"Polska dok\u0142ada do pieca prawie najmocniej w\u015br\u00f3d kraj\u00f3w UE - SpotData - Blog","robots":{"index":"index","follow":"follow","max-snippet":"max-snippet:-1","max-image-preview":"max-image-preview:large","max-video-preview":"max-video-preview:-1"},"canonical":"https:\/\/spotdata.pl\/blog\/2020\/05\/08\/polska-doklada-do-pieca-prawie-najmocniej-wsrod-krajow-ue\/","og_locale":"pl_PL","og_type":"article","og_title":"Polska dok\u0142ada do pieca prawie najmocniej w\u015br\u00f3d kraj\u00f3w UE - SpotData - Blog","og_description":"Analizy Komisji Europejskiej wskazuj\u0105, \u017ce Polska zastosowa\u0142a prawie najwi\u0119kszy (w relacji do PKB) program wsparcia fiskalnego gospodarki w\u015br\u00f3d wszystkich kraj\u00f3w Unii Europejskiej. Jest to sprzeczne z intuicj\u0105, kt\u00f3ra podpowiada, \u017ce najwi\u0119ksze zdolno\u015bci fiskalne powinny mie\u0107 kraje najbardziej wiarygodne, a mniejsze \u2013 rynki wschodz\u0105ce. Ale\u00a0zdarza si\u0119 to przecie\u017c nie pierwszy raz. W latach 2008-2009 Polska nale\u017ca\u0142a &hellip; Czytaj dalej Polska dok\u0142ada do pieca prawie najmocniej w\u015br\u00f3d kraj\u00f3w UE","og_url":"https:\/\/spotdata.pl\/blog\/2020\/05\/08\/polska-doklada-do-pieca-prawie-najmocniej-wsrod-krajow-ue\/","og_site_name":"SpotData - Blog","article_published_time":"2020-05-08T08:03:54+00:00","og_image":[{"width":600,"height":365,"url":"https:\/\/spotdata.pl\/blog\/wp-content\/uploads\/2020\/05\/2020-05-08-ke.png","type":"image\/png"}],"author":"I M","twitter_card":"summary_large_image","twitter_misc":{"Napisane przez":"I M","Szacowany czas czytania":"2 minuty"},"schema":{"@context":"https:\/\/schema.org","@graph":[{"@type":"WebPage","@id":"https:\/\/spotdata.pl\/blog\/2020\/05\/08\/polska-doklada-do-pieca-prawie-najmocniej-wsrod-krajow-ue\/","url":"https:\/\/spotdata.pl\/blog\/2020\/05\/08\/polska-doklada-do-pieca-prawie-najmocniej-wsrod-krajow-ue\/","name":"Polska dok\u0142ada do pieca prawie najmocniej w\u015br\u00f3d kraj\u00f3w UE - SpotData - Blog","isPartOf":{"@id":"https:\/\/spotdata.pl\/blog\/#website"},"primaryImageOfPage":{"@id":"https:\/\/spotdata.pl\/blog\/2020\/05\/08\/polska-doklada-do-pieca-prawie-najmocniej-wsrod-krajow-ue\/#primaryimage"},"image":{"@id":"https:\/\/spotdata.pl\/blog\/2020\/05\/08\/polska-doklada-do-pieca-prawie-najmocniej-wsrod-krajow-ue\/#primaryimage"},"thumbnailUrl":"https:\/\/spotdata.pl\/blog\/wp-content\/uploads\/2020\/05\/2020-05-08-ke.png","datePublished":"2020-05-08T08:03:54+00:00","dateModified":"2020-05-08T08:03:54+00:00","author":{"@id":"https:\/\/spotdata.pl\/blog\/#\/schema\/person\/48fd006a74962b9a86ff5bba4b2ce239"},"breadcrumb":{"@id":"https:\/\/spotdata.pl\/blog\/2020\/05\/08\/polska-doklada-do-pieca-prawie-najmocniej-wsrod-krajow-ue\/#breadcrumb"},"inLanguage":"pl-PL","potentialAction":[{"@type":"ReadAction","target":["https:\/\/spotdata.pl\/blog\/2020\/05\/08\/polska-doklada-do-pieca-prawie-najmocniej-wsrod-krajow-ue\/"]}]},{"@type":"ImageObject","inLanguage":"pl-PL","@id":"https:\/\/spotdata.pl\/blog\/2020\/05\/08\/polska-doklada-do-pieca-prawie-najmocniej-wsrod-krajow-ue\/#primaryimage","url":"https:\/\/spotdata.pl\/blog\/wp-content\/uploads\/2020\/05\/2020-05-08-ke.png","contentUrl":"https:\/\/spotdata.pl\/blog\/wp-content\/uploads\/2020\/05\/2020-05-08-ke.png","width":600,"height":365},{"@type":"BreadcrumbList","@id":"https:\/\/spotdata.pl\/blog\/2020\/05\/08\/polska-doklada-do-pieca-prawie-najmocniej-wsrod-krajow-ue\/#breadcrumb","itemListElement":[{"@type":"ListItem","position":1,"name":"Strona g\u0142\u00f3wna","item":"https:\/\/spotdata.pl\/blog\/"},{"@type":"ListItem","position":2,"name":"Polska dok\u0142ada do&nbsp;pieca prawie najmocniej w\u015br\u00f3d kraj\u00f3w UE"}]},{"@type":"WebSite","@id":"https:\/\/spotdata.pl\/blog\/#website","url":"https:\/\/spotdata.pl\/blog\/","name":"SpotData - Blog","description":"\u0179r\u00f3d\u0142o wnikliwych analiz makroekonomicznych i bran\u017cowych.","potentialAction":[{"@type":"SearchAction","target":{"@type":"EntryPoint","urlTemplate":"https:\/\/spotdata.pl\/blog\/?s={search_term_string}"},"query-input":{"@type":"PropertyValueSpecification","valueRequired":true,"valueName":"search_term_string"}}],"inLanguage":"pl-PL"},{"@type":"Person","@id":"https:\/\/spotdata.pl\/blog\/#\/schema\/person\/48fd006a74962b9a86ff5bba4b2ce239","name":"I M","image":{"@type":"ImageObject","inLanguage":"pl-PL","@id":"https:\/\/spotdata.pl\/blog\/#\/schema\/person\/image\/","url":"https:\/\/secure.gravatar.com\/avatar\/c315bb1934ec26691dd14126e402c123?s=96&d=mm&r=g","contentUrl":"https:\/\/secure.gravatar.com\/avatar\/c315bb1934ec26691dd14126e402c123?s=96&d=mm&r=g","caption":"I M"},"url":"https:\/\/spotdata.pl\/blog\/author\/sdadmin\/"}]}},"_links":{"self":[{"href":"https:\/\/spotdata.pl\/blog\/wp-json\/wp\/v2\/posts\/1754"}],"collection":[{"href":"https:\/\/spotdata.pl\/blog\/wp-json\/wp\/v2\/posts"}],"about":[{"href":"https:\/\/spotdata.pl\/blog\/wp-json\/wp\/v2\/types\/post"}],"author":[{"embeddable":true,"href":"https:\/\/spotdata.pl\/blog\/wp-json\/wp\/v2\/users\/2"}],"replies":[{"embeddable":true,"href":"https:\/\/spotdata.pl\/blog\/wp-json\/wp\/v2\/comments?post=1754"}],"version-history":[{"count":1,"href":"https:\/\/spotdata.pl\/blog\/wp-json\/wp\/v2\/posts\/1754\/revisions"}],"predecessor-version":[{"id":1757,"href":"https:\/\/spotdata.pl\/blog\/wp-json\/wp\/v2\/posts\/1754\/revisions\/1757"}],"wp:featuredmedia":[{"embeddable":true,"href":"https:\/\/spotdata.pl\/blog\/wp-json\/wp\/v2\/media\/1756"}],"wp:attachment":[{"href":"https:\/\/spotdata.pl\/blog\/wp-json\/wp\/v2\/media?parent=1754"}],"wp:term":[{"taxonomy":"category","embeddable":true,"href":"https:\/\/spotdata.pl\/blog\/wp-json\/wp\/v2\/categories?post=1754"},{"taxonomy":"post_tag","embeddable":true,"href":"https:\/\/spotdata.pl\/blog\/wp-json\/wp\/v2\/tags?post=1754"}],"curies":[{"name":"wp","href":"https:\/\/api.w.org\/{rel}","templated":true}]}}