{"id":1694,"date":"2020-04-20T09:05:16","date_gmt":"2020-04-20T07:05:16","guid":{"rendered":"https:\/\/spotdata.pl\/blog\/?p=1694"},"modified":"2020-04-20T09:05:36","modified_gmt":"2020-04-20T07:05:36","slug":"polska-z-najwyzsza-inflacja-w-unii-europejskiej","status":"publish","type":"post","link":"https:\/\/spotdata.pl\/blog\/2020\/04\/20\/polska-z-najwyzsza-inflacja-w-unii-europejskiej\/","title":{"rendered":"Polska z najwy\u017csz\u0105 inflacj\u0105 w Unii Europejskiej"},"content":{"rendered":"<p style=\"text-align: justify;\">Mamy ju\u017c pe\u0142ne dane o inflacji z kraj\u00f3w Unii Europejskiej za marzec. Polska po raz drugi od momentu wej\u015bcia do UE jest krajem z najwy\u017csz\u0105 dynamik\u0105 cen w Unii. Pierwszy raz zdarzy\u0142o si\u0119 to w grudniu 2011 r. Ale w danych wida\u0107 te\u017c potwierdzenie tezy, \u017ce szok zwi\u0105zany z epidemi\u0105 powinien wywo\u0142a\u0107 raczej zmniejszenie presji cenowej w kr\u00f3tkim okresie.<\/p>\n<p style=\"text-align: justify;\"><strong>W marcu inflacja HICP, czyli liczona przez Eurostat dla cel\u00f3w por\u00f3wna\u0144 mi\u0119dzy krajami UE, wynios\u0142a w Polsce 3,9 proc. i obni\u017cy\u0142a si\u0119 o 0,2 pkt proc. wobec lutego. Jednak w ca\u0142ej UE spadek by\u0142 g\u0142\u0119bszy \u2013 inflacja wynios\u0142a w marcu 1,6 proc. i by\u0142a o 0,4 pkt proc. ni\u017csza ni\u017c w lutym.<\/strong>\u00a0Z tego powodu Polska (ex aequo z W\u0119grami) sta\u0142a si\u0119 krajem z najwy\u017cszym wska\u017anikiem dynamiki cen konsumpcyjnych.<\/p>\n<p style=\"text-align: justify;\"><strong>Dlaczego w innych krajach ceny hamowa\u0142y mocniej?<\/strong>\u00a0Jedno wyja\u015bnienie jest takie, \u017ce w Polsce wi\u0119kszy udzia\u0142 w strukturze zakup\u00f3w ludno\u015bci ma \u017cywno\u015b\u0107, a ta wsz\u0119dzie dro\u017ca\u0142a. Ludzie zwi\u0119kszyli popyt na towary spo\u017cywcze ze wzgl\u0119du na gromadzenie zapas\u00f3w, na co firmy w naturalny spos\u00f3b odpowiedzia\u0142y podwy\u017ckami cen. Innym wyja\u015bnieniem mo\u017ce by\u0107 fakt, \u017ce do pierwszej dekady marca gospodarka w Polsce funkcjonowa\u0142a w miar\u0119 normalnie, a wiele firm us\u0142ugowych podnosi\u0142o ceny \u2013 zgodnie z trendem z poprzednich miesi\u0119cy. Warto zwr\u00f3ci\u0107 uwag\u0119, \u017ce Polska jest jedynym krajem UE z inflacj\u0105 cen us\u0142ug przekraczaj\u0105c\u0105 5 proc.<\/p>\n<p style=\"text-align: justify;\"><strong>Jednak to, co dzieje si\u0119 z cenami w innych krajach, szczeg\u00f3lnie tych mocno dotkni\u0119tych epidemi\u0105, mo\u017ce by\u0107 wskaz\u00f3wk\u0105 co do tego, w kt\u00f3rym kierunku pod\u0105\u017c\u0105 ceny w Polsce.<\/strong>\u00a0Og\u00f3lny wska\u017anik inflacji spad\u0142 w marcu w 26 na 27 kraj\u00f3w UE. Gdy pominiemy \u017cywno\u015b\u0107 i paliwa, kt\u00f3re podlega\u0142y wyj\u0105tkowo du\u017cym wahaniom, spadek inflacji zanotowa\u0142o 18 na 27 kraj\u00f3w. W najmocniej dotkni\u0119tych epidemi\u0105 krajach ceny hamowa\u0142y bardziej ni\u017c w innych, cho\u0107 wyj\u0105tkiem s\u0105 W\u0142ochy.<\/p>\n<p style=\"text-align: justify;\">Wiele wskazuje, \u017ce uderzenie epidemii w popyt jest mocniejsze ni\u017c uszczerbek wywo\u0142any po stronie poda\u017cowej gospodarki. Innymi s\u0142owy, zdolno\u015bci nabywcze ludno\u015bci mog\u0105 obni\u017cy\u0107 si\u0119 bardziej ni\u017c zdolno\u015bci wytw\u00f3rcze firm. A to b\u0119dzie sprzyja\u0142o obni\u017ceniu inflacji. To zjawisko powinni\u015bmy zaobserwowa\u0107 r\u00f3wnie\u017c w Polsce \u2013 publikacja danych za kwiecie\u0144 b\u0119dzie pierwszym momentem, kiedy b\u0119dzie mo\u017cna to zweryfikowa\u0107.<\/p>\n<p style=\"text-align: justify;\"><strong>Jednocze\u015bnie wydaje mi si\u0119, \u017ce Europa nie b\u0119dzie mog\u0142a sobie pozwoli\u0107 na istotny wstrz\u0105s deflacyjny.<\/strong>\u00a0Banki centralne b\u0119d\u0105 du\u017co bardziej ni\u017c w przesz\u0142o\u015bci zdeterminowane by zapobiec spadkowi cen. W tak g\u0142\u0119bokim kryzysie bowiem deflacja mo\u017ce by\u0107 jak oliwa dolewana do ognia, spadek cen mo\u017ce pog\u0142\u0119bia\u0107 problemy zwi\u0105zane z zad\u0142u\u017ceniem i wyp\u0142acalno\u015bci\u0105. Wprawdzie na razie do deflacji Europie jeszcze daleko, ale przecie\u017c recesja dopiero si\u0119 zacz\u0119\u0142a.\u00a0<strong>Dlatego s\u0105dz\u0119, \u017ce dzia\u0142ania bank\u00f3w centralnych b\u0119d\u0105 bardzo radykalne \u2013 mo\u017ce nawet bardziej ni\u017c do tej pory.<\/strong>\u00a0W skrajnym przypadku nie wyklucza\u0142bym przesy\u0142ania pieni\u0119dzy bezpo\u015brednio na rachunki ludno\u015bci. Dlatego ostatecznie w ci\u0105gu roku nie oczekiwa\u0142bym, \u017ce ceny wyhamuj\u0105 jako\u015b gwa\u0142townie.<\/p>\n<p><img loading=\"lazy\" decoding=\"async\" class=\"alignnone size-full wp-image-1695\" src=\"https:\/\/spotdata.pl\/blog\/wp-content\/uploads\/2020\/04\/2020-04-20-inflacja.png\" alt=\"\" width=\"600\" height=\"460\" srcset=\"https:\/\/spotdata.pl\/blog\/wp-content\/uploads\/2020\/04\/2020-04-20-inflacja.png 600w, https:\/\/spotdata.pl\/blog\/wp-content\/uploads\/2020\/04\/2020-04-20-inflacja-300x230.png 300w\" sizes=\"(max-width: 600px) 100vw, 600px\" \/><\/p>\n<p><img loading=\"lazy\" decoding=\"async\" class=\"alignnone size-full wp-image-1696\" src=\"https:\/\/spotdata.pl\/blog\/wp-content\/uploads\/2020\/04\/2020-04-20-covid.png\" alt=\"\" width=\"600\" height=\"400\" srcset=\"https:\/\/spotdata.pl\/blog\/wp-content\/uploads\/2020\/04\/2020-04-20-covid.png 600w, https:\/\/spotdata.pl\/blog\/wp-content\/uploads\/2020\/04\/2020-04-20-covid-300x200.png 300w\" sizes=\"(max-width: 600px) 100vw, 600px\" \/><\/p>\n<p style=\"text-align: justify;\"><em>Powy\u017cszy tekst pochodzi z newslettera Dane Dnia prowadzonego przez Ignacego Morawskiego, dyrektora centrum analiz SpotData. Chcesz codziennie takie informacje na swoj\u0105 skrzynk\u0119?\u00a0<span style=\"text-decoration: underline; color: #ff6600;\"><a style=\"font-size: 17px; color: #ff6600; text-decoration: underline;\" href=\"http:\/\/newsletter.spotdata.pl\/\" target=\"_blank\" rel=\"noopener\">Zapisz si\u0119 na newsletter SpotData<\/a>.<\/span><\/em><\/p>\n<div style=\"text-align: justify;\">Je\u015bli chcecie si\u0119 dowiedzie\u0107 jak pandemia <span dir=\"ltr\">COVID-19<\/span> mo\u017ce wp\u0142yn\u0105\u0107 na Wasz\u0105 firm\u0119 i gospodark\u0119 polecamy <span dir=\"ltr\">PB Forecast<\/span> <span dir=\"ltr\">Makro<\/span> <span dir=\"ltr\">UE<\/span> &#8222;Monitoring kryzysowy&#8221;.<\/div>\n<div><\/div>\n<p>&nbsp;<\/p>\n<div style=\"text-align: center;\"><a style=\"font-size: 18px;\" href=\"https:\/\/oferta.pb.pl\/forecast-makro-ue\" target=\"_blank\" rel=\"noopener\"><span style=\"text-decoration: underline;\"><strong> Pobierz jedn\u0105 bezp\u0142atn\u0105 analiz\u0119<\/strong><\/span><\/a><\/div>\n<p>&nbsp;<\/p>\n<div><a href=\"https:\/\/oferta.pb.pl\/forecast-makro-ue\"><img loading=\"lazy\" decoding=\"async\" class=\"alignnone wp-image-1593 size-full\" src=\"https:\/\/spotdata.pl\/blog\/wp-content\/uploads\/2020\/03\/monitoring-750x180-1.jpg\" alt=\"\" width=\"750\" height=\"180\" srcset=\"https:\/\/spotdata.pl\/blog\/wp-content\/uploads\/2020\/03\/monitoring-750x180-1.jpg 750w, https:\/\/spotdata.pl\/blog\/wp-content\/uploads\/2020\/03\/monitoring-750x180-1-300x72.jpg 300w\" sizes=\"(max-width: 706px) 89vw, (max-width: 767px) 82vw, 740px\" \/><\/a><\/div>\n<div>\n<p>&nbsp;<\/p>\n<p>O Autorze:<\/p>\n<table>\n<tbody>\n<tr>\n<td style=\"width: 58.6094px;\"><img decoding=\"async\" class=\"CToWUd alignleft\" src=\"https:\/\/ci4.googleusercontent.com\/proxy\/bF44Xw7J-fMHWNk_-Bsh__Tl0aT5YgEmdMAP4cIN2Ew1ibEV5HeZiT2iyDxM9Q_QDBuwQ4uYZBhYOEpoQEwjesJ3mQv0CG_nWrsQJuxZVs_-HC7iPPhjmcmJC3QU0Bbspk063dhhTJ_tmGhoRg_BIcjDCK8q0eyuicTE=s0-d-e1-ft#https:\/\/s3-eu-west-1.amazonaws.com\/salesmanagoimg\/en2eym7pqp9kfwsq\/pgmgapee4kt1zmqs\/xxdpauc8ju617j1z.png\" alt=\"Ignacy Morawski\" width=\"114\" \/><\/td>\n<td style=\"width: 505.609px;\">\n<p style=\"text-align: center;\"><span style=\"font-size: 24px;\"><strong>Ignacy Morawski<\/strong><span style=\"font-size: 16px;\">,<\/span><\/span>\u00a0dyrektor centrum analiz\u00a0SpotData<\/p>\n<div class=\"row team\">\n<div class=\"col-md-20 col-sm-14 col-xs-18 txt\" style=\"text-align: justify;\">Ignacy Morawski jest pomys\u0142odawc\u0105 projektu i szefem zespo\u0142u SpotData. Przez wiele lat pracowa\u0142 w sektorze bankowym (WestLB, Polski Bank Przedsi\u0119biorczo\u015bci), gdzie pe\u0142ni\u0142 rol\u0119 g\u0142\u00f3wnego ekonomisty. W latach 2012-16 zdoby\u0142 wiele wyr\u00f3\u017cnie\u0144 w licznych rankingach, zajmuj\u0105c m.in. dwukrotnie miejsce na podium konkursu na najlepszego analityka makroekonomicznego organizowanego przez &#8222;Rzeczpospolit\u0105&#8221; i Narodowy Bank Polski. W 2017 roku znalaz\u0142 si\u0119 na li\u015bcie New Europe 100, wyr\u00f3\u017cniaj\u0105cej najbardziej innowacyjne osoby Europy \u015arodkowej, publikowanej przez &#8222;Financial Times&#8221;. Absolwent ekonomii na Uniwersytecie Bocconi w Mediolanie i nauk politycznych na Uniwersytecie Warszawskim.<\/div>\n<\/div>\n<div class=\"row team\">\n<div class=\"col-md-4 col-sm-10 col-xs-6\"><\/div>\n<\/div>\n<\/td>\n<\/tr>\n<\/tbody>\n<\/table>\n<p>&nbsp;<\/p>\n<\/div>\n","protected":false},"excerpt":{"rendered":"<p>Mamy ju\u017c pe\u0142ne dane o inflacji z kraj\u00f3w Unii Europejskiej za marzec. Polska po raz drugi od momentu wej\u015bcia do UE jest krajem z najwy\u017csz\u0105 dynamik\u0105 cen w Unii. Pierwszy raz zdarzy\u0142o si\u0119 to w grudniu 2011 r. Ale w danych wida\u0107 te\u017c potwierdzenie tezy, \u017ce szok zwi\u0105zany z epidemi\u0105 powinien wywo\u0142a\u0107 raczej zmniejszenie presji &hellip; <\/p>\n<p class=\"link-more\"><a href=\"https:\/\/spotdata.pl\/blog\/2020\/04\/20\/polska-z-najwyzsza-inflacja-w-unii-europejskiej\/\" class=\"more-link\">Czytaj dalej<span class=\"screen-reader-text\"> Polska z najwy\u017csz\u0105 inflacj\u0105 w Unii Europejskiej<\/span><\/a><\/p>\n","protected":false},"author":2,"featured_media":1695,"comment_status":"closed","ping_status":"closed","sticky":false,"template":"","format":"standard","meta":{"footnotes":""},"categories":[238],"tags":[1065,1022,76,959,964,87,39,1111,962,961,1074,1071,1070,89,1097,1106,1110,1109,367,1069,1105,1073,1044,1067,1024,1072],"class_list":["post-1694","post","type-post","status-publish","format-standard","has-post-thumbnail","hentry","category-inflacja_ceny","tag-covid","tag-covid-19","tag-ekonomia","tag-epidemia","tag-epidemia-a-gospodarka","tag-gospodarka","tag-inflacja","tag-inflacja-cpi-epidemia","tag-konsekwencje-koronawirusa","tag-koronawirus","tag-koronawirus-ekonomia","tag-kwarantanna","tag-kwarantanna-gospodarka","tag-nbp","tag-obnizki-cen-epidemia","tag-pfr","tag-prognozy-epidemia","tag-prognozy-mfw","tag-prognozy-pkb","tag-strefa-euro-recesja","tag-tarcza-antykryzysowa","tag-wirus","tag-wirus-z-wuhan","tag-wlochy-gospodarka","tag-wplyw-koronawirusa-na-gospodarke","tag-wplyw-kwarantanny-na-gospodarke","layout-default"],"yoast_head":"<!-- This site is optimized with the Yoast SEO plugin v23.4 - https:\/\/yoast.com\/wordpress\/plugins\/seo\/ -->\n<title>Polska z najwy\u017csz\u0105 inflacj\u0105 w Unii Europejskiej - SpotData - Blog<\/title>\n<meta name=\"robots\" content=\"index, follow, max-snippet:-1, max-image-preview:large, max-video-preview:-1\" \/>\n<link rel=\"canonical\" href=\"https:\/\/spotdata.pl\/blog\/2020\/04\/20\/polska-z-najwyzsza-inflacja-w-unii-europejskiej\/\" \/>\n<meta property=\"og:locale\" content=\"pl_PL\" \/>\n<meta property=\"og:type\" content=\"article\" \/>\n<meta property=\"og:title\" content=\"Polska z najwy\u017csz\u0105 inflacj\u0105 w Unii Europejskiej - SpotData - Blog\" \/>\n<meta property=\"og:description\" content=\"Mamy ju\u017c pe\u0142ne dane o inflacji z kraj\u00f3w Unii Europejskiej za marzec. Polska po raz drugi od momentu wej\u015bcia do UE jest krajem z najwy\u017csz\u0105 dynamik\u0105 cen w Unii. Pierwszy raz zdarzy\u0142o si\u0119 to w grudniu 2011 r. Ale w danych wida\u0107 te\u017c potwierdzenie tezy, \u017ce szok zwi\u0105zany z epidemi\u0105 powinien wywo\u0142a\u0107 raczej zmniejszenie presji &hellip; Czytaj dalej Polska z najwy\u017csz\u0105 inflacj\u0105 w Unii Europejskiej\" \/>\n<meta property=\"og:url\" content=\"https:\/\/spotdata.pl\/blog\/2020\/04\/20\/polska-z-najwyzsza-inflacja-w-unii-europejskiej\/\" \/>\n<meta property=\"og:site_name\" content=\"SpotData - Blog\" \/>\n<meta property=\"article:published_time\" content=\"2020-04-20T07:05:16+00:00\" \/>\n<meta property=\"article:modified_time\" content=\"2020-04-20T07:05:36+00:00\" \/>\n<meta property=\"og:image\" content=\"https:\/\/spotdata.pl\/blog\/wp-content\/uploads\/2020\/04\/2020-04-20-inflacja.png\" \/>\n\t<meta property=\"og:image:width\" content=\"600\" \/>\n\t<meta property=\"og:image:height\" content=\"460\" \/>\n\t<meta property=\"og:image:type\" content=\"image\/png\" \/>\n<meta name=\"author\" content=\"I M\" \/>\n<meta name=\"twitter:card\" content=\"summary_large_image\" \/>\n<meta name=\"twitter:label1\" content=\"Napisane przez\" \/>\n\t<meta name=\"twitter:data1\" content=\"I M\" \/>\n\t<meta name=\"twitter:label2\" content=\"Szacowany czas czytania\" \/>\n\t<meta name=\"twitter:data2\" content=\"4 minuty\" \/>\n<script type=\"application\/ld+json\" class=\"yoast-schema-graph\">{\"@context\":\"https:\/\/schema.org\",\"@graph\":[{\"@type\":\"WebPage\",\"@id\":\"https:\/\/spotdata.pl\/blog\/2020\/04\/20\/polska-z-najwyzsza-inflacja-w-unii-europejskiej\/\",\"url\":\"https:\/\/spotdata.pl\/blog\/2020\/04\/20\/polska-z-najwyzsza-inflacja-w-unii-europejskiej\/\",\"name\":\"Polska z najwy\u017csz\u0105 inflacj\u0105 w Unii Europejskiej - SpotData - Blog\",\"isPartOf\":{\"@id\":\"https:\/\/spotdata.pl\/blog\/#website\"},\"primaryImageOfPage\":{\"@id\":\"https:\/\/spotdata.pl\/blog\/2020\/04\/20\/polska-z-najwyzsza-inflacja-w-unii-europejskiej\/#primaryimage\"},\"image\":{\"@id\":\"https:\/\/spotdata.pl\/blog\/2020\/04\/20\/polska-z-najwyzsza-inflacja-w-unii-europejskiej\/#primaryimage\"},\"thumbnailUrl\":\"https:\/\/spotdata.pl\/blog\/wp-content\/uploads\/2020\/04\/2020-04-20-inflacja.png\",\"datePublished\":\"2020-04-20T07:05:16+00:00\",\"dateModified\":\"2020-04-20T07:05:36+00:00\",\"author\":{\"@id\":\"https:\/\/spotdata.pl\/blog\/#\/schema\/person\/48fd006a74962b9a86ff5bba4b2ce239\"},\"breadcrumb\":{\"@id\":\"https:\/\/spotdata.pl\/blog\/2020\/04\/20\/polska-z-najwyzsza-inflacja-w-unii-europejskiej\/#breadcrumb\"},\"inLanguage\":\"pl-PL\",\"potentialAction\":[{\"@type\":\"ReadAction\",\"target\":[\"https:\/\/spotdata.pl\/blog\/2020\/04\/20\/polska-z-najwyzsza-inflacja-w-unii-europejskiej\/\"]}]},{\"@type\":\"ImageObject\",\"inLanguage\":\"pl-PL\",\"@id\":\"https:\/\/spotdata.pl\/blog\/2020\/04\/20\/polska-z-najwyzsza-inflacja-w-unii-europejskiej\/#primaryimage\",\"url\":\"https:\/\/spotdata.pl\/blog\/wp-content\/uploads\/2020\/04\/2020-04-20-inflacja.png\",\"contentUrl\":\"https:\/\/spotdata.pl\/blog\/wp-content\/uploads\/2020\/04\/2020-04-20-inflacja.png\",\"width\":600,\"height\":460},{\"@type\":\"BreadcrumbList\",\"@id\":\"https:\/\/spotdata.pl\/blog\/2020\/04\/20\/polska-z-najwyzsza-inflacja-w-unii-europejskiej\/#breadcrumb\",\"itemListElement\":[{\"@type\":\"ListItem\",\"position\":1,\"name\":\"Strona g\u0142\u00f3wna\",\"item\":\"https:\/\/spotdata.pl\/blog\/\"},{\"@type\":\"ListItem\",\"position\":2,\"name\":\"Polska z&nbsp;najwy\u017csz\u0105 inflacj\u0105 w&nbsp;Unii Europejskiej\"}]},{\"@type\":\"WebSite\",\"@id\":\"https:\/\/spotdata.pl\/blog\/#website\",\"url\":\"https:\/\/spotdata.pl\/blog\/\",\"name\":\"SpotData - Blog\",\"description\":\"\u0179r\u00f3d\u0142o wnikliwych analiz makroekonomicznych i bran\u017cowych.\",\"potentialAction\":[{\"@type\":\"SearchAction\",\"target\":{\"@type\":\"EntryPoint\",\"urlTemplate\":\"https:\/\/spotdata.pl\/blog\/?s={search_term_string}\"},\"query-input\":{\"@type\":\"PropertyValueSpecification\",\"valueRequired\":true,\"valueName\":\"search_term_string\"}}],\"inLanguage\":\"pl-PL\"},{\"@type\":\"Person\",\"@id\":\"https:\/\/spotdata.pl\/blog\/#\/schema\/person\/48fd006a74962b9a86ff5bba4b2ce239\",\"name\":\"I M\",\"image\":{\"@type\":\"ImageObject\",\"inLanguage\":\"pl-PL\",\"@id\":\"https:\/\/spotdata.pl\/blog\/#\/schema\/person\/image\/\",\"url\":\"https:\/\/secure.gravatar.com\/avatar\/c315bb1934ec26691dd14126e402c123?s=96&d=mm&r=g\",\"contentUrl\":\"https:\/\/secure.gravatar.com\/avatar\/c315bb1934ec26691dd14126e402c123?s=96&d=mm&r=g\",\"caption\":\"I M\"},\"url\":\"https:\/\/spotdata.pl\/blog\/author\/sdadmin\/\"}]}<\/script>\n<!-- \/ Yoast SEO plugin. -->","yoast_head_json":{"title":"Polska z najwy\u017csz\u0105 inflacj\u0105 w Unii Europejskiej - SpotData - Blog","robots":{"index":"index","follow":"follow","max-snippet":"max-snippet:-1","max-image-preview":"max-image-preview:large","max-video-preview":"max-video-preview:-1"},"canonical":"https:\/\/spotdata.pl\/blog\/2020\/04\/20\/polska-z-najwyzsza-inflacja-w-unii-europejskiej\/","og_locale":"pl_PL","og_type":"article","og_title":"Polska z najwy\u017csz\u0105 inflacj\u0105 w Unii Europejskiej - SpotData - Blog","og_description":"Mamy ju\u017c pe\u0142ne dane o inflacji z kraj\u00f3w Unii Europejskiej za marzec. Polska po raz drugi od momentu wej\u015bcia do UE jest krajem z najwy\u017csz\u0105 dynamik\u0105 cen w Unii. Pierwszy raz zdarzy\u0142o si\u0119 to w grudniu 2011 r. Ale w danych wida\u0107 te\u017c potwierdzenie tezy, \u017ce szok zwi\u0105zany z epidemi\u0105 powinien wywo\u0142a\u0107 raczej zmniejszenie presji &hellip; Czytaj dalej Polska z najwy\u017csz\u0105 inflacj\u0105 w Unii Europejskiej","og_url":"https:\/\/spotdata.pl\/blog\/2020\/04\/20\/polska-z-najwyzsza-inflacja-w-unii-europejskiej\/","og_site_name":"SpotData - Blog","article_published_time":"2020-04-20T07:05:16+00:00","article_modified_time":"2020-04-20T07:05:36+00:00","og_image":[{"width":600,"height":460,"url":"https:\/\/spotdata.pl\/blog\/wp-content\/uploads\/2020\/04\/2020-04-20-inflacja.png","type":"image\/png"}],"author":"I M","twitter_card":"summary_large_image","twitter_misc":{"Napisane przez":"I M","Szacowany czas czytania":"4 minuty"},"schema":{"@context":"https:\/\/schema.org","@graph":[{"@type":"WebPage","@id":"https:\/\/spotdata.pl\/blog\/2020\/04\/20\/polska-z-najwyzsza-inflacja-w-unii-europejskiej\/","url":"https:\/\/spotdata.pl\/blog\/2020\/04\/20\/polska-z-najwyzsza-inflacja-w-unii-europejskiej\/","name":"Polska z najwy\u017csz\u0105 inflacj\u0105 w Unii Europejskiej - SpotData - Blog","isPartOf":{"@id":"https:\/\/spotdata.pl\/blog\/#website"},"primaryImageOfPage":{"@id":"https:\/\/spotdata.pl\/blog\/2020\/04\/20\/polska-z-najwyzsza-inflacja-w-unii-europejskiej\/#primaryimage"},"image":{"@id":"https:\/\/spotdata.pl\/blog\/2020\/04\/20\/polska-z-najwyzsza-inflacja-w-unii-europejskiej\/#primaryimage"},"thumbnailUrl":"https:\/\/spotdata.pl\/blog\/wp-content\/uploads\/2020\/04\/2020-04-20-inflacja.png","datePublished":"2020-04-20T07:05:16+00:00","dateModified":"2020-04-20T07:05:36+00:00","author":{"@id":"https:\/\/spotdata.pl\/blog\/#\/schema\/person\/48fd006a74962b9a86ff5bba4b2ce239"},"breadcrumb":{"@id":"https:\/\/spotdata.pl\/blog\/2020\/04\/20\/polska-z-najwyzsza-inflacja-w-unii-europejskiej\/#breadcrumb"},"inLanguage":"pl-PL","potentialAction":[{"@type":"ReadAction","target":["https:\/\/spotdata.pl\/blog\/2020\/04\/20\/polska-z-najwyzsza-inflacja-w-unii-europejskiej\/"]}]},{"@type":"ImageObject","inLanguage":"pl-PL","@id":"https:\/\/spotdata.pl\/blog\/2020\/04\/20\/polska-z-najwyzsza-inflacja-w-unii-europejskiej\/#primaryimage","url":"https:\/\/spotdata.pl\/blog\/wp-content\/uploads\/2020\/04\/2020-04-20-inflacja.png","contentUrl":"https:\/\/spotdata.pl\/blog\/wp-content\/uploads\/2020\/04\/2020-04-20-inflacja.png","width":600,"height":460},{"@type":"BreadcrumbList","@id":"https:\/\/spotdata.pl\/blog\/2020\/04\/20\/polska-z-najwyzsza-inflacja-w-unii-europejskiej\/#breadcrumb","itemListElement":[{"@type":"ListItem","position":1,"name":"Strona g\u0142\u00f3wna","item":"https:\/\/spotdata.pl\/blog\/"},{"@type":"ListItem","position":2,"name":"Polska z&nbsp;najwy\u017csz\u0105 inflacj\u0105 w&nbsp;Unii Europejskiej"}]},{"@type":"WebSite","@id":"https:\/\/spotdata.pl\/blog\/#website","url":"https:\/\/spotdata.pl\/blog\/","name":"SpotData - Blog","description":"\u0179r\u00f3d\u0142o wnikliwych analiz makroekonomicznych i bran\u017cowych.","potentialAction":[{"@type":"SearchAction","target":{"@type":"EntryPoint","urlTemplate":"https:\/\/spotdata.pl\/blog\/?s={search_term_string}"},"query-input":{"@type":"PropertyValueSpecification","valueRequired":true,"valueName":"search_term_string"}}],"inLanguage":"pl-PL"},{"@type":"Person","@id":"https:\/\/spotdata.pl\/blog\/#\/schema\/person\/48fd006a74962b9a86ff5bba4b2ce239","name":"I M","image":{"@type":"ImageObject","inLanguage":"pl-PL","@id":"https:\/\/spotdata.pl\/blog\/#\/schema\/person\/image\/","url":"https:\/\/secure.gravatar.com\/avatar\/c315bb1934ec26691dd14126e402c123?s=96&d=mm&r=g","contentUrl":"https:\/\/secure.gravatar.com\/avatar\/c315bb1934ec26691dd14126e402c123?s=96&d=mm&r=g","caption":"I M"},"url":"https:\/\/spotdata.pl\/blog\/author\/sdadmin\/"}]}},"_links":{"self":[{"href":"https:\/\/spotdata.pl\/blog\/wp-json\/wp\/v2\/posts\/1694"}],"collection":[{"href":"https:\/\/spotdata.pl\/blog\/wp-json\/wp\/v2\/posts"}],"about":[{"href":"https:\/\/spotdata.pl\/blog\/wp-json\/wp\/v2\/types\/post"}],"author":[{"embeddable":true,"href":"https:\/\/spotdata.pl\/blog\/wp-json\/wp\/v2\/users\/2"}],"replies":[{"embeddable":true,"href":"https:\/\/spotdata.pl\/blog\/wp-json\/wp\/v2\/comments?post=1694"}],"version-history":[{"count":2,"href":"https:\/\/spotdata.pl\/blog\/wp-json\/wp\/v2\/posts\/1694\/revisions"}],"predecessor-version":[{"id":1698,"href":"https:\/\/spotdata.pl\/blog\/wp-json\/wp\/v2\/posts\/1694\/revisions\/1698"}],"wp:featuredmedia":[{"embeddable":true,"href":"https:\/\/spotdata.pl\/blog\/wp-json\/wp\/v2\/media\/1695"}],"wp:attachment":[{"href":"https:\/\/spotdata.pl\/blog\/wp-json\/wp\/v2\/media?parent=1694"}],"wp:term":[{"taxonomy":"category","embeddable":true,"href":"https:\/\/spotdata.pl\/blog\/wp-json\/wp\/v2\/categories?post=1694"},{"taxonomy":"post_tag","embeddable":true,"href":"https:\/\/spotdata.pl\/blog\/wp-json\/wp\/v2\/tags?post=1694"}],"curies":[{"name":"wp","href":"https:\/\/api.w.org\/{rel}","templated":true}]}}